{"id":685,"date":"2016-03-07T22:18:20","date_gmt":"2016-03-07T20:18:20","guid":{"rendered":"http:\/\/blog.cvyaz.com\/?p=685"},"modified":"2022-06-22T15:43:51","modified_gmt":"2022-06-22T12:43:51","slug":"cv-de-sosyal-medya-hesaplarim-olmali-mi","status":"publish","type":"post","link":"https:\/\/cvlogin.com\/info\/tr\/cv-de-sosyal-medya-hesaplarim-olmali-mi\/","title":{"rendered":"Cv de sosyal medya hesaplar\u0131m olmal\u0131 m\u0131?"},"content":{"rendered":"<p><a href=\"https:\/\/cms.cvlogin.com\/info\/cv-hazirlama-ipuclari\/\">CV haz\u0131rlamak<\/a> i\u015f g\u00f6r\u00fc\u015fmelerinde sizler hakk\u0131nda fikir edinilmesini sa\u011flamak ad\u0131na olduk\u00e7a \u00f6nemlidir. Ba\u015far\u0131l\u0131 bir CV kolayca fark edilir ve di\u011fer adaylar kar\u015f\u0131s\u0131nda sizleri bir ad\u0131m \u00f6ne ge\u00e7irir. Bu durumun fark\u0131nda olarak en do\u011fru CV\u2019yi haz\u0131rlamak olduk\u00e7a \u00f6nemlidir.<a href=\"https:\/\/cms.cvlogin.com\/info\/cv-hazirlama-ipuclari\/\"> CV i\u00e7erisinde yer alacak bilgiler<\/a> sizler hakk\u0131nda en do\u011fru fikrin olu\u015fmas\u0131n\u0131 sa\u011flamal\u0131d\u0131r. Ayr\u0131ca CV\u2019lerin incelenmesi birka\u00e7 dakika ile s\u0131n\u0131rl\u0131 oldu\u011fundan dolay\u0131 gereksiz detaylar\u0131n bulunmas\u0131, \u00f6nemli unsurlar\u0131n g\u00f6zden ka\u00e7\u0131r\u0131lmas\u0131na neden olabilir. Bu nedenle do\u011fru ve olmas\u0131 gereken bilgilerin CV\u2019ler de yer almas\u0131 gerekti\u011fini unutmamal\u0131s\u0131n\u0131z.<\/p>\n<p>G\u00fcn\u00fcm\u00fczde hemen hemen herkesin bir sosyal medya hesab\u0131 olmas\u0131, sosyal medya ortamlar\u0131n\u0131n bireyler hakk\u0131nda detayl\u0131 bilgiler vermesi CV\u2019lere sosyal medya hesaplar\u0131 eklenmesini g\u00fcndeme ta\u015f\u0131maktad\u0131r. CV\u2019lere sosyal medya hesaplar\u0131 eklemek do\u011fru mu yanl\u0131\u015f m\u0131 gibi bir\u00e7ok soru hemen hemen her g\u00fcn uzmanlara iletilmektedir. Bu konuda bir a\u00e7\u0131klama yapmak gerekirse, CV \u00f6rneklerine sosyal medya hesaplar\u0131 kesin olarak eklenmeli veya eklenmemeli gibi kesin bir yarg\u0131ya ula\u015fmak hata yapmak anlam\u0131na gelmektedir. \u00c7\u00fcnk\u00fc ba\u015fvuru yapt\u0131\u011f\u0131n\u0131z pozisyon, firman\u0131n sosyal medyaya bak\u0131\u015f a\u00e7\u0131s\u0131, firman\u0131n sosyal medya kullanma oran\u0131 gibi di\u011fer detaylara ba\u011fl\u0131 olarak bu bilgiyi CV \u00f6rneklerinizde payla\u015fmal\u0131s\u0131n\u0131z.<\/p>\n<p><a href=\"http:\/\/blog.cvlogin.com\/is-gorusmesi-oncesi-sosyal-medya-hesaplarina-goz-at\/\">Sosyal medya<\/a> hesaplar\u0131n\u0131z sizler hakk\u0131nda olduk\u00e7a \u00f6nemli bilgiler veriyor olabilir. Hatta bu bilgiler i\u015fe al\u0131nman\u0131z\u0131 sa\u011flayacak kadar bile \u00f6nemli olabilir. Fakat firman\u0131n sosyal medyaya bak\u0131\u015f a\u00e7\u0131s\u0131 olumsuz oldu\u011funda bu durum sizlere avantaj sa\u011flamak yerine dezavantaj sa\u011flayacakt\u0131r. Firma personellerinin sosyal medya kullanmas\u0131na s\u0131cak bakmayabilir. Bu durumda sizlerin <strong>CV<\/strong> \u00f6rneklerinizde sosyal medya hesaplar\u0131n\u0131z\u0131 belirtmeniz olumsuz bir durum olarak yans\u0131t\u0131labilir.<\/p>\n<p>Farkl\u0131 bir a\u00e7\u0131dan bakmak gerekirse, sosyal medyan\u0131n g\u00fcn\u00fcm\u00fcz\u00fcn y\u00fckselen de\u011ferleri aras\u0131nda yer ald\u0131\u011f\u0131n\u0131n fark\u0131nda olan bir firma i\u00e7in CV \u00f6rne\u011finde ki sosyal medya hesaplar\u0131 olduk\u00e7a \u00f6nemli olabilir. Hatta sosyal medya hesaplar\u0131n\u0131zdaki takip\u00e7i say\u0131n\u0131z bile bu anlay\u0131\u015fla hareket eden firmalar i\u00e7in olduk\u00e7a \u00f6nemlidir. \u00d6rne\u011fin, 5 milyon takip\u00e7inizin oldu\u011funu varsayd\u0131\u011f\u0131m\u0131zda, firma bu durumu sizlerin kitleleri kolayca etkileyecek g\u00fcce sahip oldu\u011funuzu d\u00fc\u015f\u00fcnerek ta\u00e7land\u0131rabilir. Hatta sizlerin sosyal medya hesaplar\u0131nda firma bilgilerinin payla\u015f\u0131lmas\u0131 reklam ve alg\u0131 y\u00f6netimi anlam\u0131nda b\u00fcy\u00fck katk\u0131 sa\u011flayabilir gibi bir d\u00fc\u015f\u00fcnce ile de \u00e7al\u0131\u015fmalar yap\u0131labilir.<\/p>\n<p>Yukar\u0131da belirtilen iki farkl\u0131 durum, <strong><a href=\"http:\/\/blog.cvlogin.com\/cv-ornekleri\/\">CV \u00f6rneklerinizde<\/a><\/strong> sosyal medya hesaplar\u0131n\u0131z\u0131 payla\u015fman\u0131z veya payla\u015fmaman\u0131z durumunu a\u00e7\u0131k\u00e7a ifade etmektedir. Kesin olarak payla\u015f\u0131labilir veya kesin olarak payla\u015f\u0131lamaz denilemeyece\u011fini her iki \u00f6rnekle a\u00e7\u0131klamak m\u00fcmk\u00fcn hale gelmektedir. Bu durumda sizlere ipucu vermek ad\u0131na, CV haz\u0131rlad\u0131\u011f\u0131n\u0131z firman\u0131n sosyal medya hesab\u0131 bulunup bulunmad\u0131\u011f\u0131, sosyal medya hesaplar\u0131nda ne kadar aktif olarak bulunduklar\u0131 gibi farkl\u0131 detaylara dikkat ederek, CV \u00f6rneklerinizde sosyal medya hesaplar\u0131n\u0131z\u0131 payla\u015f\u0131p payla\u015fmayaca\u011f\u0131n\u0131z konusunda fikir edinebilirsiniz. Bunun sadece fikir edinmek i\u00e7in bir yol oldu\u011funu unutmamal\u0131s\u0131n\u0131z. Sosyal medya hesaplar\u0131n\u0131z\u0131 payla\u015fman\u0131z durumunda dikkat etmeniz gereken noktalar aras\u0131nda ger\u00e7ekle\u015ftirdi\u011finiz payla\u015f\u0131mlar\u0131n firman\u0131z taraf\u0131ndan takip edilebilece\u011fidir. Firma anlay\u0131\u015f\u0131na ayk\u0131r\u0131 payla\u015f\u0131mlarda bulunmak s\u00fcrecin olumsuz olarak sonu\u00e7lanmas\u0131na neden olabilir.<\/p>\n","protected":false},"excerpt":{"rendered":"<p>CV haz\u0131rlamak i\u015f g\u00f6r\u00fc\u015fmelerinde sizler hakk\u0131nda fikir edinilmesini sa\u011flamak ad\u0131na olduk\u00e7a \u00f6nemlidir. Ba\u015far\u0131l\u0131 bir CV kolayca fark edilir ve di\u011fer adaylar kar\u015f\u0131s\u0131nda sizleri bir ad\u0131m \u00f6ne ge\u00e7irir.<\/p>\n","protected":false},"author":1,"featured_media":686,"comment_status":"open","ping_status":"open","sticky":false,"template":"","format":"standard","meta":{"_acf_changed":false,"_lmt_disableupdate":"","_lmt_disable":"","footnotes":""},"categories":[4,11],"tags":[],"class_list":["post-685","post","type-post","status-publish","format-standard","has-post-thumbnail","hentry","category-cv","category-cv-ornekleri"],"acf":[],"yoast_head":"<!-- This site is optimized with the Yoast SEO Premium plugin v21.4 (Yoast SEO v27.5) - https:\/\/yoast.com\/product\/yoast-seo-premium-wordpress\/ -->\n<title>Cv de sosyal medya hesaplar\u0131m olmal\u0131 m\u0131?<\/title>\n<meta name=\"description\" content=\"CV haz\u0131rlamak i\u015f g\u00f6r\u00fc\u015fmelerinde sizler hakk\u0131nda fikir edinilmesini sa\u011flamak ad\u0131na olduk\u00e7a \u00f6nemlidir. Ba\u015far\u0131l\u0131 bir CV kolayca fark edilir ve di\u011fer adaylar kar\u015f\u0131s\u0131nda sizleri bir ad\u0131m \u00f6ne ge\u00e7irir.\" \/>\n<meta name=\"robots\" content=\"index, follow, max-snippet:-1, max-image-preview:large, max-video-preview:-1\" \/>\n<link rel=\"canonical\" href=\"https:\/\/cvlogin.com\/info\/tr\/cv-de-sosyal-medya-hesaplarim-olmali-mi\/\" \/>\n<meta property=\"og:locale\" content=\"tr_TR\" \/>\n<meta property=\"og:type\" content=\"article\" \/>\n<meta property=\"og:title\" content=\"Cv de sosyal medya hesaplar\u0131m olmal\u0131 m\u0131?\" \/>\n<meta property=\"og:description\" content=\"CV haz\u0131rlamak i\u015f g\u00f6r\u00fc\u015fmelerinde sizler hakk\u0131nda fikir edinilmesini sa\u011flamak ad\u0131na olduk\u00e7a \u00f6nemlidir. Ba\u015far\u0131l\u0131 bir CV kolayca fark edilir ve di\u011fer adaylar kar\u015f\u0131s\u0131nda sizleri bir ad\u0131m \u00f6ne ge\u00e7irir.\" \/>\n<meta property=\"og:url\" content=\"https:\/\/cvlogin.com\/info\/tr\/cv-de-sosyal-medya-hesaplarim-olmali-mi\/\" \/>\n<meta property=\"og:site_name\" content=\"CV Login Blog: Kariyer Rehberi\" \/>\n<meta property=\"article:publisher\" content=\"https:\/\/www.facebook.com\/cvlogin\" \/>\n<meta property=\"article:published_time\" content=\"2016-03-07T20:18:20+00:00\" \/>\n<meta property=\"article:modified_time\" content=\"2022-06-22T12:43:51+00:00\" \/>\n<meta property=\"og:image\" content=\"https:\/\/cvlogin.com\/info\/wp-content\/uploads\/2016\/03\/Social-Media-CV.jpg\" \/>\n\t<meta property=\"og:image:width\" content=\"500\" \/>\n\t<meta property=\"og:image:height\" content=\"320\" \/>\n\t<meta property=\"og:image:type\" content=\"image\/jpeg\" \/>\n<meta name=\"author\" content=\"Berna Ak\" \/>\n<meta name=\"twitter:card\" content=\"summary_large_image\" \/>\n<meta name=\"twitter:creator\" content=\"@cvlogincom\" \/>\n<meta name=\"twitter:site\" content=\"@cvlogincom\" \/>\n<meta name=\"twitter:label1\" content=\"Yazan:\" \/>\n\t<meta name=\"twitter:data1\" content=\"Berna Ak\" \/>\n\t<meta name=\"twitter:label2\" content=\"Tahmini okuma s\u00fcresi\" \/>\n\t<meta name=\"twitter:data2\" content=\"3 dakika\" \/>\n<script type=\"application\/ld+json\" class=\"yoast-schema-graph\">{\"@context\":\"https:\\\/\\\/schema.org\",\"@graph\":[{\"@type\":\"Article\",\"@id\":\"https:\\\/\\\/cvlogin.com\\\/info\\\/tr\\\/cv-de-sosyal-medya-hesaplarim-olmali-mi\\\/#article\",\"isPartOf\":{\"@id\":\"https:\\\/\\\/cvlogin.com\\\/info\\\/tr\\\/cv-de-sosyal-medya-hesaplarim-olmali-mi\\\/\"},\"author\":{\"name\":\"Berna Ak\",\"@id\":\"https:\\\/\\\/cvlogin.com\\\/info\\\/#\\\/schema\\\/person\\\/bf10e5a99dc8ed0982645be80c00cffb\"},\"headline\":\"Cv de sosyal medya hesaplar\u0131m olmal\u0131 m\u0131?\",\"datePublished\":\"2016-03-07T20:18:20+00:00\",\"dateModified\":\"2022-06-22T12:43:51+00:00\",\"mainEntityOfPage\":{\"@id\":\"https:\\\/\\\/cvlogin.com\\\/info\\\/tr\\\/cv-de-sosyal-medya-hesaplarim-olmali-mi\\\/\"},\"wordCount\":611,\"commentCount\":0,\"publisher\":{\"@id\":\"https:\\\/\\\/cvlogin.com\\\/info\\\/#organization\"},\"image\":{\"@id\":\"https:\\\/\\\/cvlogin.com\\\/info\\\/tr\\\/cv-de-sosyal-medya-hesaplarim-olmali-mi\\\/#primaryimage\"},\"thumbnailUrl\":\"https:\\\/\\\/cvlogin.com\\\/info\\\/wp-content\\\/uploads\\\/2016\\\/03\\\/Social-Media-CV.jpg\",\"articleSection\":[\"CV\",\"CV \u00d6rnekleri\"],\"inLanguage\":\"tr\",\"potentialAction\":[{\"@type\":\"CommentAction\",\"name\":\"Comment\",\"target\":[\"https:\\\/\\\/cvlogin.com\\\/info\\\/tr\\\/cv-de-sosyal-medya-hesaplarim-olmali-mi\\\/#respond\"]}]},{\"@type\":\"WebPage\",\"@id\":\"https:\\\/\\\/cvlogin.com\\\/info\\\/tr\\\/cv-de-sosyal-medya-hesaplarim-olmali-mi\\\/\",\"url\":\"https:\\\/\\\/cvlogin.com\\\/info\\\/tr\\\/cv-de-sosyal-medya-hesaplarim-olmali-mi\\\/\",\"name\":\"Cv de sosyal medya hesaplar\u0131m olmal\u0131 m\u0131?\",\"isPartOf\":{\"@id\":\"https:\\\/\\\/cvlogin.com\\\/info\\\/#website\"},\"primaryImageOfPage\":{\"@id\":\"https:\\\/\\\/cvlogin.com\\\/info\\\/tr\\\/cv-de-sosyal-medya-hesaplarim-olmali-mi\\\/#primaryimage\"},\"image\":{\"@id\":\"https:\\\/\\\/cvlogin.com\\\/info\\\/tr\\\/cv-de-sosyal-medya-hesaplarim-olmali-mi\\\/#primaryimage\"},\"thumbnailUrl\":\"https:\\\/\\\/cvlogin.com\\\/info\\\/wp-content\\\/uploads\\\/2016\\\/03\\\/Social-Media-CV.jpg\",\"datePublished\":\"2016-03-07T20:18:20+00:00\",\"dateModified\":\"2022-06-22T12:43:51+00:00\",\"description\":\"CV haz\u0131rlamak i\u015f g\u00f6r\u00fc\u015fmelerinde sizler hakk\u0131nda fikir edinilmesini sa\u011flamak ad\u0131na olduk\u00e7a \u00f6nemlidir. Ba\u015far\u0131l\u0131 bir CV kolayca fark edilir ve di\u011fer adaylar kar\u015f\u0131s\u0131nda sizleri bir ad\u0131m \u00f6ne ge\u00e7irir.\",\"breadcrumb\":{\"@id\":\"https:\\\/\\\/cvlogin.com\\\/info\\\/tr\\\/cv-de-sosyal-medya-hesaplarim-olmali-mi\\\/#breadcrumb\"},\"inLanguage\":\"tr\",\"potentialAction\":[{\"@type\":\"ReadAction\",\"target\":[\"https:\\\/\\\/cvlogin.com\\\/info\\\/tr\\\/cv-de-sosyal-medya-hesaplarim-olmali-mi\\\/\"]}]},{\"@type\":\"ImageObject\",\"inLanguage\":\"tr\",\"@id\":\"https:\\\/\\\/cvlogin.com\\\/info\\\/tr\\\/cv-de-sosyal-medya-hesaplarim-olmali-mi\\\/#primaryimage\",\"url\":\"https:\\\/\\\/cvlogin.com\\\/info\\\/wp-content\\\/uploads\\\/2016\\\/03\\\/Social-Media-CV.jpg\",\"contentUrl\":\"https:\\\/\\\/cvlogin.com\\\/info\\\/wp-content\\\/uploads\\\/2016\\\/03\\\/Social-Media-CV.jpg\",\"width\":500,\"height\":320,\"caption\":\"sosyal Medya\"},{\"@type\":\"BreadcrumbList\",\"@id\":\"https:\\\/\\\/cvlogin.com\\\/info\\\/tr\\\/cv-de-sosyal-medya-hesaplarim-olmali-mi\\\/#breadcrumb\",\"itemListElement\":[{\"@type\":\"ListItem\",\"position\":1,\"name\":\"Anasayfa\",\"item\":\"https:\\\/\\\/cvlogin.com\\\/info\\\/\"},{\"@type\":\"ListItem\",\"position\":2,\"name\":\"Genel\",\"item\":\"https:\\\/\\\/cvlogin.com\\\/info\\\/genel\\\/\"},{\"@type\":\"ListItem\",\"position\":3,\"name\":\"Cv de sosyal medya hesaplar\u0131m olmal\u0131 m\u0131?\"}]},{\"@type\":\"WebSite\",\"@id\":\"https:\\\/\\\/cvlogin.com\\\/info\\\/#website\",\"url\":\"https:\\\/\\\/cvlogin.com\\\/info\\\/\",\"name\":\"CV Login Blog: Kariyer Rehberi\",\"description\":\"CV haz\u0131rlama, i\u015f g\u00f6r\u00fc\u015fmesi ve daha fazlas\u0131 hakk\u0131nda bilgi edinmek i\u00e7in en iyi yer.\",\"publisher\":{\"@id\":\"https:\\\/\\\/cvlogin.com\\\/info\\\/#organization\"},\"potentialAction\":[{\"@type\":\"SearchAction\",\"target\":{\"@type\":\"EntryPoint\",\"urlTemplate\":\"https:\\\/\\\/cvlogin.com\\\/info\\\/?s={search_term_string}\"},\"query-input\":{\"@type\":\"PropertyValueSpecification\",\"valueRequired\":true,\"valueName\":\"search_term_string\"}}],\"inLanguage\":\"tr\"},{\"@type\":\"Organization\",\"@id\":\"https:\\\/\\\/cvlogin.com\\\/info\\\/#organization\",\"name\":\"cvlogin\",\"alternateName\":\"cvlogin GmbH\",\"url\":\"https:\\\/\\\/cvlogin.com\\\/info\\\/\",\"logo\":{\"@type\":\"ImageObject\",\"inLanguage\":\"tr\",\"@id\":\"https:\\\/\\\/cvlogin.com\\\/info\\\/#\\\/schema\\\/logo\\\/image\\\/\",\"url\":\"http:\\\/\\\/cvlogin.com\\\/info\\\/wp-content\\\/uploads\\\/2022\\\/07\\\/HFrdHEXl_400x400.jpg\",\"contentUrl\":\"http:\\\/\\\/cvlogin.com\\\/info\\\/wp-content\\\/uploads\\\/2022\\\/07\\\/HFrdHEXl_400x400.jpg\",\"width\":240,\"height\":240,\"caption\":\"cvlogin\"},\"image\":{\"@id\":\"https:\\\/\\\/cvlogin.com\\\/info\\\/#\\\/schema\\\/logo\\\/image\\\/\"},\"sameAs\":[\"https:\\\/\\\/www.facebook.com\\\/cvlogin\",\"https:\\\/\\\/x.com\\\/cvlogincom\",\"https:\\\/\\\/www.instagram.com\\\/cvlogin\\\/\"]},{\"@type\":\"Person\",\"@id\":\"https:\\\/\\\/cvlogin.com\\\/info\\\/#\\\/schema\\\/person\\\/bf10e5a99dc8ed0982645be80c00cffb\",\"name\":\"Berna Ak\",\"image\":{\"@type\":\"ImageObject\",\"inLanguage\":\"tr\",\"@id\":\"https:\\\/\\\/cvlogin.com\\\/info\\\/wp-content\\\/uploads\\\/2023\\\/06\\\/avatar-150x150.jpg\",\"url\":\"https:\\\/\\\/cvlogin.com\\\/info\\\/wp-content\\\/uploads\\\/2023\\\/06\\\/avatar-150x150.jpg\",\"contentUrl\":\"https:\\\/\\\/cvlogin.com\\\/info\\\/wp-content\\\/uploads\\\/2023\\\/06\\\/avatar-150x150.jpg\",\"caption\":\"Berna Ak\"},\"url\":\"https:\\\/\\\/cvlogin.com\\\/info\\\/author\\\/admin\\\/\"}]}<\/script>\n<!-- \/ Yoast SEO Premium plugin. -->","yoast_head_json":{"title":"Cv de sosyal medya hesaplar\u0131m olmal\u0131 m\u0131?","description":"CV haz\u0131rlamak i\u015f g\u00f6r\u00fc\u015fmelerinde sizler hakk\u0131nda fikir edinilmesini sa\u011flamak ad\u0131na olduk\u00e7a \u00f6nemlidir. Ba\u015far\u0131l\u0131 bir CV kolayca fark edilir ve di\u011fer adaylar kar\u015f\u0131s\u0131nda sizleri bir ad\u0131m \u00f6ne ge\u00e7irir.","robots":{"index":"index","follow":"follow","max-snippet":"max-snippet:-1","max-image-preview":"max-image-preview:large","max-video-preview":"max-video-preview:-1"},"canonical":"https:\/\/cvlogin.com\/info\/tr\/cv-de-sosyal-medya-hesaplarim-olmali-mi\/","og_locale":"tr_TR","og_type":"article","og_title":"Cv de sosyal medya hesaplar\u0131m olmal\u0131 m\u0131?","og_description":"CV haz\u0131rlamak i\u015f g\u00f6r\u00fc\u015fmelerinde sizler hakk\u0131nda fikir edinilmesini sa\u011flamak ad\u0131na olduk\u00e7a \u00f6nemlidir. Ba\u015far\u0131l\u0131 bir CV kolayca fark edilir ve di\u011fer adaylar kar\u015f\u0131s\u0131nda sizleri bir ad\u0131m \u00f6ne ge\u00e7irir.","og_url":"https:\/\/cvlogin.com\/info\/tr\/cv-de-sosyal-medya-hesaplarim-olmali-mi\/","og_site_name":"CV Login Blog: Kariyer Rehberi","article_publisher":"https:\/\/www.facebook.com\/cvlogin","article_published_time":"2016-03-07T20:18:20+00:00","article_modified_time":"2022-06-22T12:43:51+00:00","og_image":[{"width":500,"height":320,"url":"https:\/\/cvlogin.com\/info\/wp-content\/uploads\/2016\/03\/Social-Media-CV.jpg","type":"image\/jpeg"}],"author":"Berna Ak","twitter_card":"summary_large_image","twitter_creator":"@cvlogincom","twitter_site":"@cvlogincom","twitter_misc":{"Yazan:":"Berna Ak","Tahmini okuma s\u00fcresi":"3 dakika"},"schema":{"@context":"https:\/\/schema.org","@graph":[{"@type":"Article","@id":"https:\/\/cvlogin.com\/info\/tr\/cv-de-sosyal-medya-hesaplarim-olmali-mi\/#article","isPartOf":{"@id":"https:\/\/cvlogin.com\/info\/tr\/cv-de-sosyal-medya-hesaplarim-olmali-mi\/"},"author":{"name":"Berna Ak","@id":"https:\/\/cvlogin.com\/info\/#\/schema\/person\/bf10e5a99dc8ed0982645be80c00cffb"},"headline":"Cv de sosyal medya hesaplar\u0131m olmal\u0131 m\u0131?","datePublished":"2016-03-07T20:18:20+00:00","dateModified":"2022-06-22T12:43:51+00:00","mainEntityOfPage":{"@id":"https:\/\/cvlogin.com\/info\/tr\/cv-de-sosyal-medya-hesaplarim-olmali-mi\/"},"wordCount":611,"commentCount":0,"publisher":{"@id":"https:\/\/cvlogin.com\/info\/#organization"},"image":{"@id":"https:\/\/cvlogin.com\/info\/tr\/cv-de-sosyal-medya-hesaplarim-olmali-mi\/#primaryimage"},"thumbnailUrl":"https:\/\/cvlogin.com\/info\/wp-content\/uploads\/2016\/03\/Social-Media-CV.jpg","articleSection":["CV","CV \u00d6rnekleri"],"inLanguage":"tr","potentialAction":[{"@type":"CommentAction","name":"Comment","target":["https:\/\/cvlogin.com\/info\/tr\/cv-de-sosyal-medya-hesaplarim-olmali-mi\/#respond"]}]},{"@type":"WebPage","@id":"https:\/\/cvlogin.com\/info\/tr\/cv-de-sosyal-medya-hesaplarim-olmali-mi\/","url":"https:\/\/cvlogin.com\/info\/tr\/cv-de-sosyal-medya-hesaplarim-olmali-mi\/","name":"Cv de sosyal medya hesaplar\u0131m olmal\u0131 m\u0131?","isPartOf":{"@id":"https:\/\/cvlogin.com\/info\/#website"},"primaryImageOfPage":{"@id":"https:\/\/cvlogin.com\/info\/tr\/cv-de-sosyal-medya-hesaplarim-olmali-mi\/#primaryimage"},"image":{"@id":"https:\/\/cvlogin.com\/info\/tr\/cv-de-sosyal-medya-hesaplarim-olmali-mi\/#primaryimage"},"thumbnailUrl":"https:\/\/cvlogin.com\/info\/wp-content\/uploads\/2016\/03\/Social-Media-CV.jpg","datePublished":"2016-03-07T20:18:20+00:00","dateModified":"2022-06-22T12:43:51+00:00","description":"CV haz\u0131rlamak i\u015f g\u00f6r\u00fc\u015fmelerinde sizler hakk\u0131nda fikir edinilmesini sa\u011flamak ad\u0131na olduk\u00e7a \u00f6nemlidir. Ba\u015far\u0131l\u0131 bir CV kolayca fark edilir ve di\u011fer adaylar kar\u015f\u0131s\u0131nda sizleri bir ad\u0131m \u00f6ne ge\u00e7irir.","breadcrumb":{"@id":"https:\/\/cvlogin.com\/info\/tr\/cv-de-sosyal-medya-hesaplarim-olmali-mi\/#breadcrumb"},"inLanguage":"tr","potentialAction":[{"@type":"ReadAction","target":["https:\/\/cvlogin.com\/info\/tr\/cv-de-sosyal-medya-hesaplarim-olmali-mi\/"]}]},{"@type":"ImageObject","inLanguage":"tr","@id":"https:\/\/cvlogin.com\/info\/tr\/cv-de-sosyal-medya-hesaplarim-olmali-mi\/#primaryimage","url":"https:\/\/cvlogin.com\/info\/wp-content\/uploads\/2016\/03\/Social-Media-CV.jpg","contentUrl":"https:\/\/cvlogin.com\/info\/wp-content\/uploads\/2016\/03\/Social-Media-CV.jpg","width":500,"height":320,"caption":"sosyal Medya"},{"@type":"BreadcrumbList","@id":"https:\/\/cvlogin.com\/info\/tr\/cv-de-sosyal-medya-hesaplarim-olmali-mi\/#breadcrumb","itemListElement":[{"@type":"ListItem","position":1,"name":"Anasayfa","item":"https:\/\/cvlogin.com\/info\/"},{"@type":"ListItem","position":2,"name":"Genel","item":"https:\/\/cvlogin.com\/info\/genel\/"},{"@type":"ListItem","position":3,"name":"Cv de sosyal medya hesaplar\u0131m olmal\u0131 m\u0131?"}]},{"@type":"WebSite","@id":"https:\/\/cvlogin.com\/info\/#website","url":"https:\/\/cvlogin.com\/info\/","name":"CV Login Blog: Kariyer Rehberi","description":"CV haz\u0131rlama, i\u015f g\u00f6r\u00fc\u015fmesi ve daha fazlas\u0131 hakk\u0131nda bilgi edinmek i\u00e7in en iyi yer.","publisher":{"@id":"https:\/\/cvlogin.com\/info\/#organization"},"potentialAction":[{"@type":"SearchAction","target":{"@type":"EntryPoint","urlTemplate":"https:\/\/cvlogin.com\/info\/?s={search_term_string}"},"query-input":{"@type":"PropertyValueSpecification","valueRequired":true,"valueName":"search_term_string"}}],"inLanguage":"tr"},{"@type":"Organization","@id":"https:\/\/cvlogin.com\/info\/#organization","name":"cvlogin","alternateName":"cvlogin GmbH","url":"https:\/\/cvlogin.com\/info\/","logo":{"@type":"ImageObject","inLanguage":"tr","@id":"https:\/\/cvlogin.com\/info\/#\/schema\/logo\/image\/","url":"http:\/\/cvlogin.com\/info\/wp-content\/uploads\/2022\/07\/HFrdHEXl_400x400.jpg","contentUrl":"http:\/\/cvlogin.com\/info\/wp-content\/uploads\/2022\/07\/HFrdHEXl_400x400.jpg","width":240,"height":240,"caption":"cvlogin"},"image":{"@id":"https:\/\/cvlogin.com\/info\/#\/schema\/logo\/image\/"},"sameAs":["https:\/\/www.facebook.com\/cvlogin","https:\/\/x.com\/cvlogincom","https:\/\/www.instagram.com\/cvlogin\/"]},{"@type":"Person","@id":"https:\/\/cvlogin.com\/info\/#\/schema\/person\/bf10e5a99dc8ed0982645be80c00cffb","name":"Berna Ak","image":{"@type":"ImageObject","inLanguage":"tr","@id":"https:\/\/cvlogin.com\/info\/wp-content\/uploads\/2023\/06\/avatar-150x150.jpg","url":"https:\/\/cvlogin.com\/info\/wp-content\/uploads\/2023\/06\/avatar-150x150.jpg","contentUrl":"https:\/\/cvlogin.com\/info\/wp-content\/uploads\/2023\/06\/avatar-150x150.jpg","caption":"Berna Ak"},"url":"https:\/\/cvlogin.com\/info\/author\/admin\/"}]}},"_links":{"self":[{"href":"https:\/\/cvlogin.com\/info\/wp-json\/wp\/v2\/posts\/685","targetHints":{"allow":["GET"]}}],"collection":[{"href":"https:\/\/cvlogin.com\/info\/wp-json\/wp\/v2\/posts"}],"about":[{"href":"https:\/\/cvlogin.com\/info\/wp-json\/wp\/v2\/types\/post"}],"author":[{"embeddable":true,"href":"https:\/\/cvlogin.com\/info\/wp-json\/wp\/v2\/users\/1"}],"replies":[{"embeddable":true,"href":"https:\/\/cvlogin.com\/info\/wp-json\/wp\/v2\/comments?post=685"}],"version-history":[{"count":6,"href":"https:\/\/cvlogin.com\/info\/wp-json\/wp\/v2\/posts\/685\/revisions"}],"predecessor-version":[{"id":4425,"href":"https:\/\/cvlogin.com\/info\/wp-json\/wp\/v2\/posts\/685\/revisions\/4425"}],"wp:featuredmedia":[{"embeddable":true,"href":"https:\/\/cvlogin.com\/info\/wp-json\/wp\/v2\/media\/686"}],"wp:attachment":[{"href":"https:\/\/cvlogin.com\/info\/wp-json\/wp\/v2\/media?parent=685"}],"wp:term":[{"taxonomy":"category","embeddable":true,"href":"https:\/\/cvlogin.com\/info\/wp-json\/wp\/v2\/categories?post=685"},{"taxonomy":"post_tag","embeddable":true,"href":"https:\/\/cvlogin.com\/info\/wp-json\/wp\/v2\/tags?post=685"}],"curies":[{"name":"wp","href":"https:\/\/api.w.org\/{rel}","templated":true}]}}