{"id":643,"date":"2016-03-03T21:27:15","date_gmt":"2016-03-03T19:27:15","guid":{"rendered":"http:\/\/blog.cvyaz.com\/?p=643"},"modified":"2022-06-22T15:47:01","modified_gmt":"2022-06-22T12:47:01","slug":"ust-duzey-yonetici-executive-cvsi-nasil-olmali","status":"publish","type":"post","link":"https:\/\/cvlogin.com\/info\/tr\/ust-duzey-yonetici-executive-cvsi-nasil-olmali\/","title":{"rendered":"\u00dcst d\u00fczey y\u00f6netici (Executive) CV\u2019si nas\u0131l olmal\u0131?"},"content":{"rendered":"<p>\u0130\u015f ba\u015fvurular\u0131nda sizler hakk\u0131nda detayl\u0131 bilgi vererek i\u015fe uygunlu\u011funuzun \u00f6l\u00e7\u00fclmesinde CV\u2019ler baz al\u0131nmaktad\u0131r. <a href=\"http:\/\/blog.cvlogin.com\/cv-nasil-hazirlanir\/\">Profesyonel bir CV<\/a>\u00a0profesyonel bir \u00e7al\u0131\u015fan demektir. Bu nedenle ba\u015far\u0131l\u0131 CV\u2019ye sahip olan adaylar i\u015f g\u00f6r\u00fc\u015fmelerinde bir ad\u0131m \u00f6ne ge\u00e7mektedir.<\/p>\n<p>\u00dcst d\u00fczey y\u00f6netici olarak g\u00f6rev yapan ve herhangi bir nedenle i\u015finden ayr\u0131lanlar ise, di\u011fer adaylardan daha farkl\u0131 bir CV\u2019ye sahip olmal\u0131d\u0131r. \u00c7\u00fcnk\u00fc bu\u00a0 ve benzer pozisyonda \u00e7al\u0131\u015fanlar i\u015f hayat\u0131ndaki profesyonel ki\u015filerdir ve haz\u0131rlayacaklar\u0131 CV\u2019ler de profesyonelce olmal\u0131d\u0131r. Di\u011fer adaylar\u0131n CV\u2019lerinden farkl\u0131 olmas\u0131 gerekti\u011finden dolay\u0131 haz\u0131rlanmas\u0131 daha zordur ve daha fazla detay i\u00e7ermektedir. Birka\u00e7 noktaya dikkat \u00e7ekerek \u00fcst d\u00fczey y\u00f6netici CV\u2019si nas\u0131l olur, buna de\u011finelim;<\/p>\n<h2>1.\u00a0Di\u011ferlerinden Farkl\u0131 Oldu\u011funu Hissettirmeli:<\/h2>\n<p>\u00dcst d\u00fczey y\u00f6netici CV\u2019leri di\u011fer CV\u2019ler den farkl\u0131 olmal\u0131d\u0131r. Gerek g\u00f6r\u00fcn\u00fc\u015f gerekse de i\u00e7erik y\u00f6n\u00fcnden iyi\u00a0bir CV olmak zorundad\u0131r. \u00c7\u00fcnk\u00fc i\u015f hayat\u0131nda profesyonel olan bu ki\u015filer CV haz\u0131rl\u0131\u011f\u0131nda da profesyonel olmak zorundad\u0131r.<\/p>\n<h2>2.\u00a0Pozisyonu Hakk\u0131nda Bilgiler \u0130\u00e7ermeli:<\/h2>\n<p><strong>\u00dcst d\u00fczey y\u00f6neticiler<\/strong> \u00e7al\u0131\u015ft\u0131klar\u0131 pozisyonun gereklerini detayl\u0131 olarak CV\u2019lerinde belirtmelidirler. Hangi \u00fcst\u00fcn \u00f6zelliklere sahip olduklar\u0131ndan detayl\u0131ca bahsederek yeni i\u015f i\u00e7in t\u00fcm f\u0131rsatlar\u0131 de\u011ferlendirme yoluna gitmelidir. \u00d6nceki pozisyonunu ka\u00e7 y\u0131l boyunca s\u00fcrd\u00fcrd\u00fc\u011f\u00fc, \u00e7al\u0131\u015fmas\u0131 esnas\u0131ndaki sorumluluklar\u0131, emri alt\u0131ndaki personel say\u0131s\u0131 gibi detaylar kesinlikle yer almal\u0131d\u0131r. Ayr\u0131ca \u015firket \u00e7\u0131karlar\u0131 ad\u0131na kat\u0131ld\u0131\u011f\u0131 toplant\u0131lar, \u015firketin i\u015f almas\u0131ndaki ba\u015far\u0131lar\u0131 gibi \u00f6nemli noktalara da vurgu yap\u0131lmal\u0131d\u0131r.<\/p>\n<h2>3.\u00a0Y\u00fckseli\u015fe Katk\u0131:<\/h2>\n<p>Hemen hemen her \u015firket zaman zaman d\u00fc\u015f\u00fc\u015f ya\u015famaktad\u0131r. \u00d6nemli olan bu d\u00fc\u015f\u00fc\u015fe k\u0131sa s\u00fcrede son vererek yeniden eski konumuna geri d\u00f6nebilmektir. Bu ba\u015far\u0131y\u0131 sa\u011flayacak olanlarda \u00fcst d\u00fczey y\u00f6neticilerdir ve onlar\u0131n yetenek ve becerileri bu s\u00fcrecin ba\u015far\u0131yla tamamlanmas\u0131n\u0131 sa\u011flamaktad\u0131r. \u00dcst d\u00fczey y\u00f6neticiler, detayl\u0131 olarak haz\u0131rlad\u0131klar\u0131 <a href=\"http:\/\/blog.cvlogin.com\/cv-ornekleri\/\">CV \u00f6rneklerinde<\/a> \u015firketlerinin zor zamanlar\u0131nda \u00fcstlendikleri rolleri ve \u015firketin yeniden y\u00fckseli\u015fe ge\u00e7mesi i\u00e7in harcad\u0131klar\u0131 \u00e7abay\u0131 CV\u2019lerinde yer vermelidir. \u00c7\u00fcnk\u00fc yeteneklerin sergilendi\u011fi o zor ko\u015fullar sizler hakk\u0131nda detayl\u0131 bilgi toplanmas\u0131n\u0131 kolayla\u015ft\u0131racakt\u0131r.<\/p>\n<h2>4. Yeteneklerinizden Bahsedin:<\/h2>\n<p>\u00dcst d\u00fczey y\u00f6neticileri bulundu\u011fu pozisyona ta\u015f\u0131yan \u00f6zellikleri aras\u0131nda yetenekleri yer almaktad\u0131r. Yetenekli ki\u015filerin \u015firketin \u00fcst d\u00fczey y\u00f6neticileri aras\u0131nda yer almas\u0131, \u015firketin uzun \u00f6m\u00fcrl\u00fc olmas\u0131n\u0131 sa\u011flamaktad\u0131r. Bu nedenle yeteneklerinizi CV \u00f6rne\u011finize do\u011fru olarak yans\u0131tman\u0131z, ba\u015fvurdu\u011funuz i\u015fe al\u0131nman\u0131z i\u00e7in olduk\u00e7a \u00f6nemlidir.<\/p>\n<h2>5. Farkl\u0131 Y\u00f6ntemler Kullan\u0131n:<\/h2>\n<p>S\u0131radan CV\u2019lerin d\u0131\u015f\u0131na \u00e7\u0131karak, y\u0131llarca \u00e7al\u0131\u015ft\u0131\u011f\u0131n\u0131z pozisyonda neler yapt\u0131\u011f\u0131n\u0131z\u0131 grafiklerle anlatabilirsiniz. Ayr\u0131ca diyagram ve \u015femalardan yararlanarak kendi fark\u0131n\u0131z\u0131 g\u00f6zler \u00f6n\u00fcne serebilirsiniz. G\u00f6rsel \u015femalar her zaman insanlar \u00fczerinde olumlu ve ikna edici bir etki b\u0131rakm\u0131\u015ft\u0131r, sizlerde CV\u2019lerinizde bu durumu kendi lehinize \u00e7evirebilirsiniz.<\/p>\n<h2>6. Hedeflerinizden Bahsedin:<\/h2>\n<p>\u00dcst d\u00fczey y\u00f6netici olarak, ba\u015fvurdu\u011funuz pozisyona istinaden hedeflerinizin neler oldu\u011fundan bahsetmelisiniz. Ayr\u0131ca ba\u015fvuru ger\u00e7ekle\u015ftirdi\u011finiz \u015firkete ne gibi katk\u0131lar sa\u011flayaca\u011f\u0131n\u0131z\u0131 a\u00e7\u0131klaman\u0131z sizlerin i\u00e7in b\u00fcy\u00fck \u00f6neme sahiptir. \u015eirkete yapaca\u011f\u0131n\u0131z katk\u0131lar\u0131n ne kadar somut olarak ifade edilmesi sizlerin o kadar do\u011fru olarak anla\u015f\u0131lmas\u0131n\u0131 kolayla\u015ft\u0131racakt\u0131r.<\/p>\n","protected":false},"excerpt":{"rendered":"<p>\u0130\u015f ba\u015fvurular\u0131nda sizler hakk\u0131nda detayl\u0131 bilgi vererek i\u015fe uygunlu\u011funuzun \u00f6l\u00e7\u00fclmesinde CV\u2019ler baz al\u0131nmaktad\u0131r. Profesyonel bir CV\u00a0profesyonel bir \u00e7al\u0131\u015fan demektir. Bu nedenle ba\u015far\u0131l\u0131 CV\u2019ye sahip olan adaylar i\u015f g\u00f6r\u00fc\u015fmelerinde bir ad\u0131m \u00f6ne ge\u00e7mektedir.<\/p>\n","protected":false},"author":1,"featured_media":644,"comment_status":"open","ping_status":"open","sticky":false,"template":"","format":"standard","meta":{"_acf_changed":false,"_lmt_disableupdate":"","_lmt_disable":"","footnotes":""},"categories":[4,12,11],"tags":[],"class_list":["post-643","post","type-post","status-publish","format-standard","has-post-thumbnail","hentry","category-cv","category-cv-indir","category-cv-ornekleri"],"acf":[],"yoast_head":"<!-- This site is optimized with the Yoast SEO Premium plugin v21.4 (Yoast SEO v27.5) - https:\/\/yoast.com\/product\/yoast-seo-premium-wordpress\/ -->\n<title>\u00dcst d\u00fczey y\u00f6netici (Executive) CV\u2019si nas\u0131l olmal\u0131?<\/title>\n<meta name=\"description\" content=\"\u0130\u015f ba\u015fvurular\u0131nda sizler hakk\u0131nda detayl\u0131 bilgi vererek i\u015fe uygunlu\u011funuzun \u00f6l\u00e7\u00fclmesinde CV\u2019ler baz al\u0131nmaktad\u0131r. Profesyonel bir CV\u00a0profesyonel bir \u00e7al\u0131\u015fan demektir. Bu nedenle ba\u015far\u0131l\u0131 CV\u2019ye sahip olan adaylar i\u015f g\u00f6r\u00fc\u015fmelerinde bir ad\u0131m \u00f6ne ge\u00e7mektedir.\" \/>\n<meta name=\"robots\" content=\"index, follow, max-snippet:-1, max-image-preview:large, max-video-preview:-1\" \/>\n<link rel=\"canonical\" href=\"https:\/\/cvlogin.com\/info\/tr\/ust-duzey-yonetici-executive-cvsi-nasil-olmali\/\" \/>\n<meta property=\"og:locale\" content=\"tr_TR\" \/>\n<meta property=\"og:type\" content=\"article\" \/>\n<meta property=\"og:title\" content=\"\u00dcst d\u00fczey y\u00f6netici (Executive) CV\u2019si nas\u0131l olmal\u0131?\" \/>\n<meta property=\"og:description\" content=\"\u0130\u015f ba\u015fvurular\u0131nda sizler hakk\u0131nda detayl\u0131 bilgi vererek i\u015fe uygunlu\u011funuzun \u00f6l\u00e7\u00fclmesinde CV\u2019ler baz al\u0131nmaktad\u0131r. Profesyonel bir CV\u00a0profesyonel bir \u00e7al\u0131\u015fan demektir. Bu nedenle ba\u015far\u0131l\u0131 CV\u2019ye sahip olan adaylar i\u015f g\u00f6r\u00fc\u015fmelerinde bir ad\u0131m \u00f6ne ge\u00e7mektedir.\" \/>\n<meta property=\"og:url\" content=\"https:\/\/cvlogin.com\/info\/tr\/ust-duzey-yonetici-executive-cvsi-nasil-olmali\/\" \/>\n<meta property=\"og:site_name\" content=\"CV Login Blog: Kariyer Rehberi\" \/>\n<meta property=\"article:publisher\" content=\"https:\/\/www.facebook.com\/cvlogin\" \/>\n<meta property=\"article:published_time\" content=\"2016-03-03T19:27:15+00:00\" \/>\n<meta property=\"article:modified_time\" content=\"2022-06-22T12:47:01+00:00\" \/>\n<meta property=\"og:image\" content=\"https:\/\/cvlogin.com\/info\/wp-content\/uploads\/2016\/03\/executive.jpg\" \/>\n\t<meta property=\"og:image:width\" content=\"679\" \/>\n\t<meta property=\"og:image:height\" content=\"305\" \/>\n\t<meta property=\"og:image:type\" content=\"image\/jpeg\" \/>\n<meta name=\"author\" content=\"Berna Ak\" \/>\n<meta name=\"twitter:card\" content=\"summary_large_image\" \/>\n<meta name=\"twitter:creator\" content=\"@cvlogincom\" \/>\n<meta name=\"twitter:site\" content=\"@cvlogincom\" \/>\n<meta name=\"twitter:label1\" content=\"Yazan:\" \/>\n\t<meta name=\"twitter:data1\" content=\"Berna Ak\" \/>\n\t<meta name=\"twitter:label2\" content=\"Tahmini okuma s\u00fcresi\" \/>\n\t<meta name=\"twitter:data2\" content=\"3 dakika\" \/>\n<script type=\"application\/ld+json\" class=\"yoast-schema-graph\">{\"@context\":\"https:\\\/\\\/schema.org\",\"@graph\":[{\"@type\":\"Article\",\"@id\":\"https:\\\/\\\/cvlogin.com\\\/info\\\/tr\\\/ust-duzey-yonetici-executive-cvsi-nasil-olmali\\\/#article\",\"isPartOf\":{\"@id\":\"https:\\\/\\\/cvlogin.com\\\/info\\\/tr\\\/ust-duzey-yonetici-executive-cvsi-nasil-olmali\\\/\"},\"author\":{\"name\":\"Berna Ak\",\"@id\":\"https:\\\/\\\/cvlogin.com\\\/info\\\/#\\\/schema\\\/person\\\/bf10e5a99dc8ed0982645be80c00cffb\"},\"headline\":\"\u00dcst d\u00fczey y\u00f6netici (Executive) CV\u2019si nas\u0131l olmal\u0131?\",\"datePublished\":\"2016-03-03T19:27:15+00:00\",\"dateModified\":\"2022-06-22T12:47:01+00:00\",\"mainEntityOfPage\":{\"@id\":\"https:\\\/\\\/cvlogin.com\\\/info\\\/tr\\\/ust-duzey-yonetici-executive-cvsi-nasil-olmali\\\/\"},\"wordCount\":620,\"commentCount\":0,\"publisher\":{\"@id\":\"https:\\\/\\\/cvlogin.com\\\/info\\\/#organization\"},\"image\":{\"@id\":\"https:\\\/\\\/cvlogin.com\\\/info\\\/tr\\\/ust-duzey-yonetici-executive-cvsi-nasil-olmali\\\/#primaryimage\"},\"thumbnailUrl\":\"https:\\\/\\\/cvlogin.com\\\/info\\\/wp-content\\\/uploads\\\/2016\\\/03\\\/executive.jpg\",\"articleSection\":[\"CV\",\"CV \u0130ndir\",\"CV \u00d6rnekleri\"],\"inLanguage\":\"tr\",\"potentialAction\":[{\"@type\":\"CommentAction\",\"name\":\"Comment\",\"target\":[\"https:\\\/\\\/cvlogin.com\\\/info\\\/tr\\\/ust-duzey-yonetici-executive-cvsi-nasil-olmali\\\/#respond\"]}]},{\"@type\":\"WebPage\",\"@id\":\"https:\\\/\\\/cvlogin.com\\\/info\\\/tr\\\/ust-duzey-yonetici-executive-cvsi-nasil-olmali\\\/\",\"url\":\"https:\\\/\\\/cvlogin.com\\\/info\\\/tr\\\/ust-duzey-yonetici-executive-cvsi-nasil-olmali\\\/\",\"name\":\"\u00dcst d\u00fczey y\u00f6netici (Executive) CV\u2019si nas\u0131l olmal\u0131?\",\"isPartOf\":{\"@id\":\"https:\\\/\\\/cvlogin.com\\\/info\\\/#website\"},\"primaryImageOfPage\":{\"@id\":\"https:\\\/\\\/cvlogin.com\\\/info\\\/tr\\\/ust-duzey-yonetici-executive-cvsi-nasil-olmali\\\/#primaryimage\"},\"image\":{\"@id\":\"https:\\\/\\\/cvlogin.com\\\/info\\\/tr\\\/ust-duzey-yonetici-executive-cvsi-nasil-olmali\\\/#primaryimage\"},\"thumbnailUrl\":\"https:\\\/\\\/cvlogin.com\\\/info\\\/wp-content\\\/uploads\\\/2016\\\/03\\\/executive.jpg\",\"datePublished\":\"2016-03-03T19:27:15+00:00\",\"dateModified\":\"2022-06-22T12:47:01+00:00\",\"description\":\"\u0130\u015f ba\u015fvurular\u0131nda sizler hakk\u0131nda detayl\u0131 bilgi vererek i\u015fe uygunlu\u011funuzun \u00f6l\u00e7\u00fclmesinde CV\u2019ler baz al\u0131nmaktad\u0131r. Profesyonel bir CV\u00a0profesyonel bir \u00e7al\u0131\u015fan demektir. Bu nedenle ba\u015far\u0131l\u0131 CV\u2019ye sahip olan adaylar i\u015f g\u00f6r\u00fc\u015fmelerinde bir ad\u0131m \u00f6ne ge\u00e7mektedir.\",\"breadcrumb\":{\"@id\":\"https:\\\/\\\/cvlogin.com\\\/info\\\/tr\\\/ust-duzey-yonetici-executive-cvsi-nasil-olmali\\\/#breadcrumb\"},\"inLanguage\":\"tr\",\"potentialAction\":[{\"@type\":\"ReadAction\",\"target\":[\"https:\\\/\\\/cvlogin.com\\\/info\\\/tr\\\/ust-duzey-yonetici-executive-cvsi-nasil-olmali\\\/\"]}]},{\"@type\":\"ImageObject\",\"inLanguage\":\"tr\",\"@id\":\"https:\\\/\\\/cvlogin.com\\\/info\\\/tr\\\/ust-duzey-yonetici-executive-cvsi-nasil-olmali\\\/#primaryimage\",\"url\":\"https:\\\/\\\/cvlogin.com\\\/info\\\/wp-content\\\/uploads\\\/2016\\\/03\\\/executive.jpg\",\"contentUrl\":\"https:\\\/\\\/cvlogin.com\\\/info\\\/wp-content\\\/uploads\\\/2016\\\/03\\\/executive.jpg\",\"width\":679,\"height\":305,\"caption\":\"Executive\"},{\"@type\":\"BreadcrumbList\",\"@id\":\"https:\\\/\\\/cvlogin.com\\\/info\\\/tr\\\/ust-duzey-yonetici-executive-cvsi-nasil-olmali\\\/#breadcrumb\",\"itemListElement\":[{\"@type\":\"ListItem\",\"position\":1,\"name\":\"Anasayfa\",\"item\":\"https:\\\/\\\/cvlogin.com\\\/info\\\/\"},{\"@type\":\"ListItem\",\"position\":2,\"name\":\"Kariyer\",\"item\":\"https:\\\/\\\/cvlogin.com\\\/info\\\/tr\\\/kariyer\\\/\"},{\"@type\":\"ListItem\",\"position\":3,\"name\":\"\u00dcst d\u00fczey y\u00f6netici (Executive) CV\u2019si nas\u0131l olmal\u0131?\"}]},{\"@type\":\"WebSite\",\"@id\":\"https:\\\/\\\/cvlogin.com\\\/info\\\/#website\",\"url\":\"https:\\\/\\\/cvlogin.com\\\/info\\\/\",\"name\":\"CV Login Blog: Kariyer Rehberi\",\"description\":\"CV haz\u0131rlama, i\u015f g\u00f6r\u00fc\u015fmesi ve daha fazlas\u0131 hakk\u0131nda bilgi edinmek i\u00e7in en iyi yer.\",\"publisher\":{\"@id\":\"https:\\\/\\\/cvlogin.com\\\/info\\\/#organization\"},\"potentialAction\":[{\"@type\":\"SearchAction\",\"target\":{\"@type\":\"EntryPoint\",\"urlTemplate\":\"https:\\\/\\\/cvlogin.com\\\/info\\\/?s={search_term_string}\"},\"query-input\":{\"@type\":\"PropertyValueSpecification\",\"valueRequired\":true,\"valueName\":\"search_term_string\"}}],\"inLanguage\":\"tr\"},{\"@type\":\"Organization\",\"@id\":\"https:\\\/\\\/cvlogin.com\\\/info\\\/#organization\",\"name\":\"cvlogin\",\"alternateName\":\"cvlogin GmbH\",\"url\":\"https:\\\/\\\/cvlogin.com\\\/info\\\/\",\"logo\":{\"@type\":\"ImageObject\",\"inLanguage\":\"tr\",\"@id\":\"https:\\\/\\\/cvlogin.com\\\/info\\\/#\\\/schema\\\/logo\\\/image\\\/\",\"url\":\"http:\\\/\\\/cvlogin.com\\\/info\\\/wp-content\\\/uploads\\\/2022\\\/07\\\/HFrdHEXl_400x400.jpg\",\"contentUrl\":\"http:\\\/\\\/cvlogin.com\\\/info\\\/wp-content\\\/uploads\\\/2022\\\/07\\\/HFrdHEXl_400x400.jpg\",\"width\":240,\"height\":240,\"caption\":\"cvlogin\"},\"image\":{\"@id\":\"https:\\\/\\\/cvlogin.com\\\/info\\\/#\\\/schema\\\/logo\\\/image\\\/\"},\"sameAs\":[\"https:\\\/\\\/www.facebook.com\\\/cvlogin\",\"https:\\\/\\\/x.com\\\/cvlogincom\",\"https:\\\/\\\/www.instagram.com\\\/cvlogin\\\/\"]},{\"@type\":\"Person\",\"@id\":\"https:\\\/\\\/cvlogin.com\\\/info\\\/#\\\/schema\\\/person\\\/bf10e5a99dc8ed0982645be80c00cffb\",\"name\":\"Berna Ak\",\"image\":{\"@type\":\"ImageObject\",\"inLanguage\":\"tr\",\"@id\":\"https:\\\/\\\/cvlogin.com\\\/info\\\/wp-content\\\/uploads\\\/2023\\\/06\\\/avatar-150x150.jpg\",\"url\":\"https:\\\/\\\/cvlogin.com\\\/info\\\/wp-content\\\/uploads\\\/2023\\\/06\\\/avatar-150x150.jpg\",\"contentUrl\":\"https:\\\/\\\/cvlogin.com\\\/info\\\/wp-content\\\/uploads\\\/2023\\\/06\\\/avatar-150x150.jpg\",\"caption\":\"Berna Ak\"},\"url\":\"https:\\\/\\\/cvlogin.com\\\/info\\\/author\\\/admin\\\/\"}]}<\/script>\n<!-- \/ Yoast SEO Premium plugin. -->","yoast_head_json":{"title":"\u00dcst d\u00fczey y\u00f6netici (Executive) CV\u2019si nas\u0131l olmal\u0131?","description":"\u0130\u015f ba\u015fvurular\u0131nda sizler hakk\u0131nda detayl\u0131 bilgi vererek i\u015fe uygunlu\u011funuzun \u00f6l\u00e7\u00fclmesinde CV\u2019ler baz al\u0131nmaktad\u0131r. Profesyonel bir CV\u00a0profesyonel bir \u00e7al\u0131\u015fan demektir. Bu nedenle ba\u015far\u0131l\u0131 CV\u2019ye sahip olan adaylar i\u015f g\u00f6r\u00fc\u015fmelerinde bir ad\u0131m \u00f6ne ge\u00e7mektedir.","robots":{"index":"index","follow":"follow","max-snippet":"max-snippet:-1","max-image-preview":"max-image-preview:large","max-video-preview":"max-video-preview:-1"},"canonical":"https:\/\/cvlogin.com\/info\/tr\/ust-duzey-yonetici-executive-cvsi-nasil-olmali\/","og_locale":"tr_TR","og_type":"article","og_title":"\u00dcst d\u00fczey y\u00f6netici (Executive) CV\u2019si nas\u0131l olmal\u0131?","og_description":"\u0130\u015f ba\u015fvurular\u0131nda sizler hakk\u0131nda detayl\u0131 bilgi vererek i\u015fe uygunlu\u011funuzun \u00f6l\u00e7\u00fclmesinde CV\u2019ler baz al\u0131nmaktad\u0131r. Profesyonel bir CV\u00a0profesyonel bir \u00e7al\u0131\u015fan demektir. Bu nedenle ba\u015far\u0131l\u0131 CV\u2019ye sahip olan adaylar i\u015f g\u00f6r\u00fc\u015fmelerinde bir ad\u0131m \u00f6ne ge\u00e7mektedir.","og_url":"https:\/\/cvlogin.com\/info\/tr\/ust-duzey-yonetici-executive-cvsi-nasil-olmali\/","og_site_name":"CV Login Blog: Kariyer Rehberi","article_publisher":"https:\/\/www.facebook.com\/cvlogin","article_published_time":"2016-03-03T19:27:15+00:00","article_modified_time":"2022-06-22T12:47:01+00:00","og_image":[{"width":679,"height":305,"url":"https:\/\/cvlogin.com\/info\/wp-content\/uploads\/2016\/03\/executive.jpg","type":"image\/jpeg"}],"author":"Berna Ak","twitter_card":"summary_large_image","twitter_creator":"@cvlogincom","twitter_site":"@cvlogincom","twitter_misc":{"Yazan:":"Berna Ak","Tahmini okuma s\u00fcresi":"3 dakika"},"schema":{"@context":"https:\/\/schema.org","@graph":[{"@type":"Article","@id":"https:\/\/cvlogin.com\/info\/tr\/ust-duzey-yonetici-executive-cvsi-nasil-olmali\/#article","isPartOf":{"@id":"https:\/\/cvlogin.com\/info\/tr\/ust-duzey-yonetici-executive-cvsi-nasil-olmali\/"},"author":{"name":"Berna Ak","@id":"https:\/\/cvlogin.com\/info\/#\/schema\/person\/bf10e5a99dc8ed0982645be80c00cffb"},"headline":"\u00dcst d\u00fczey y\u00f6netici (Executive) CV\u2019si nas\u0131l olmal\u0131?","datePublished":"2016-03-03T19:27:15+00:00","dateModified":"2022-06-22T12:47:01+00:00","mainEntityOfPage":{"@id":"https:\/\/cvlogin.com\/info\/tr\/ust-duzey-yonetici-executive-cvsi-nasil-olmali\/"},"wordCount":620,"commentCount":0,"publisher":{"@id":"https:\/\/cvlogin.com\/info\/#organization"},"image":{"@id":"https:\/\/cvlogin.com\/info\/tr\/ust-duzey-yonetici-executive-cvsi-nasil-olmali\/#primaryimage"},"thumbnailUrl":"https:\/\/cvlogin.com\/info\/wp-content\/uploads\/2016\/03\/executive.jpg","articleSection":["CV","CV \u0130ndir","CV \u00d6rnekleri"],"inLanguage":"tr","potentialAction":[{"@type":"CommentAction","name":"Comment","target":["https:\/\/cvlogin.com\/info\/tr\/ust-duzey-yonetici-executive-cvsi-nasil-olmali\/#respond"]}]},{"@type":"WebPage","@id":"https:\/\/cvlogin.com\/info\/tr\/ust-duzey-yonetici-executive-cvsi-nasil-olmali\/","url":"https:\/\/cvlogin.com\/info\/tr\/ust-duzey-yonetici-executive-cvsi-nasil-olmali\/","name":"\u00dcst d\u00fczey y\u00f6netici (Executive) CV\u2019si nas\u0131l olmal\u0131?","isPartOf":{"@id":"https:\/\/cvlogin.com\/info\/#website"},"primaryImageOfPage":{"@id":"https:\/\/cvlogin.com\/info\/tr\/ust-duzey-yonetici-executive-cvsi-nasil-olmali\/#primaryimage"},"image":{"@id":"https:\/\/cvlogin.com\/info\/tr\/ust-duzey-yonetici-executive-cvsi-nasil-olmali\/#primaryimage"},"thumbnailUrl":"https:\/\/cvlogin.com\/info\/wp-content\/uploads\/2016\/03\/executive.jpg","datePublished":"2016-03-03T19:27:15+00:00","dateModified":"2022-06-22T12:47:01+00:00","description":"\u0130\u015f ba\u015fvurular\u0131nda sizler hakk\u0131nda detayl\u0131 bilgi vererek i\u015fe uygunlu\u011funuzun \u00f6l\u00e7\u00fclmesinde CV\u2019ler baz al\u0131nmaktad\u0131r. Profesyonel bir CV\u00a0profesyonel bir \u00e7al\u0131\u015fan demektir. Bu nedenle ba\u015far\u0131l\u0131 CV\u2019ye sahip olan adaylar i\u015f g\u00f6r\u00fc\u015fmelerinde bir ad\u0131m \u00f6ne ge\u00e7mektedir.","breadcrumb":{"@id":"https:\/\/cvlogin.com\/info\/tr\/ust-duzey-yonetici-executive-cvsi-nasil-olmali\/#breadcrumb"},"inLanguage":"tr","potentialAction":[{"@type":"ReadAction","target":["https:\/\/cvlogin.com\/info\/tr\/ust-duzey-yonetici-executive-cvsi-nasil-olmali\/"]}]},{"@type":"ImageObject","inLanguage":"tr","@id":"https:\/\/cvlogin.com\/info\/tr\/ust-duzey-yonetici-executive-cvsi-nasil-olmali\/#primaryimage","url":"https:\/\/cvlogin.com\/info\/wp-content\/uploads\/2016\/03\/executive.jpg","contentUrl":"https:\/\/cvlogin.com\/info\/wp-content\/uploads\/2016\/03\/executive.jpg","width":679,"height":305,"caption":"Executive"},{"@type":"BreadcrumbList","@id":"https:\/\/cvlogin.com\/info\/tr\/ust-duzey-yonetici-executive-cvsi-nasil-olmali\/#breadcrumb","itemListElement":[{"@type":"ListItem","position":1,"name":"Anasayfa","item":"https:\/\/cvlogin.com\/info\/"},{"@type":"ListItem","position":2,"name":"Kariyer","item":"https:\/\/cvlogin.com\/info\/tr\/kariyer\/"},{"@type":"ListItem","position":3,"name":"\u00dcst d\u00fczey y\u00f6netici (Executive) CV\u2019si nas\u0131l olmal\u0131?"}]},{"@type":"WebSite","@id":"https:\/\/cvlogin.com\/info\/#website","url":"https:\/\/cvlogin.com\/info\/","name":"CV Login Blog: Kariyer Rehberi","description":"CV haz\u0131rlama, i\u015f g\u00f6r\u00fc\u015fmesi ve daha fazlas\u0131 hakk\u0131nda bilgi edinmek i\u00e7in en iyi yer.","publisher":{"@id":"https:\/\/cvlogin.com\/info\/#organization"},"potentialAction":[{"@type":"SearchAction","target":{"@type":"EntryPoint","urlTemplate":"https:\/\/cvlogin.com\/info\/?s={search_term_string}"},"query-input":{"@type":"PropertyValueSpecification","valueRequired":true,"valueName":"search_term_string"}}],"inLanguage":"tr"},{"@type":"Organization","@id":"https:\/\/cvlogin.com\/info\/#organization","name":"cvlogin","alternateName":"cvlogin GmbH","url":"https:\/\/cvlogin.com\/info\/","logo":{"@type":"ImageObject","inLanguage":"tr","@id":"https:\/\/cvlogin.com\/info\/#\/schema\/logo\/image\/","url":"http:\/\/cvlogin.com\/info\/wp-content\/uploads\/2022\/07\/HFrdHEXl_400x400.jpg","contentUrl":"http:\/\/cvlogin.com\/info\/wp-content\/uploads\/2022\/07\/HFrdHEXl_400x400.jpg","width":240,"height":240,"caption":"cvlogin"},"image":{"@id":"https:\/\/cvlogin.com\/info\/#\/schema\/logo\/image\/"},"sameAs":["https:\/\/www.facebook.com\/cvlogin","https:\/\/x.com\/cvlogincom","https:\/\/www.instagram.com\/cvlogin\/"]},{"@type":"Person","@id":"https:\/\/cvlogin.com\/info\/#\/schema\/person\/bf10e5a99dc8ed0982645be80c00cffb","name":"Berna Ak","image":{"@type":"ImageObject","inLanguage":"tr","@id":"https:\/\/cvlogin.com\/info\/wp-content\/uploads\/2023\/06\/avatar-150x150.jpg","url":"https:\/\/cvlogin.com\/info\/wp-content\/uploads\/2023\/06\/avatar-150x150.jpg","contentUrl":"https:\/\/cvlogin.com\/info\/wp-content\/uploads\/2023\/06\/avatar-150x150.jpg","caption":"Berna Ak"},"url":"https:\/\/cvlogin.com\/info\/author\/admin\/"}]}},"_links":{"self":[{"href":"https:\/\/cvlogin.com\/info\/wp-json\/wp\/v2\/posts\/643","targetHints":{"allow":["GET"]}}],"collection":[{"href":"https:\/\/cvlogin.com\/info\/wp-json\/wp\/v2\/posts"}],"about":[{"href":"https:\/\/cvlogin.com\/info\/wp-json\/wp\/v2\/types\/post"}],"author":[{"embeddable":true,"href":"https:\/\/cvlogin.com\/info\/wp-json\/wp\/v2\/users\/1"}],"replies":[{"embeddable":true,"href":"https:\/\/cvlogin.com\/info\/wp-json\/wp\/v2\/comments?post=643"}],"version-history":[{"count":7,"href":"https:\/\/cvlogin.com\/info\/wp-json\/wp\/v2\/posts\/643\/revisions"}],"predecessor-version":[{"id":4432,"href":"https:\/\/cvlogin.com\/info\/wp-json\/wp\/v2\/posts\/643\/revisions\/4432"}],"wp:featuredmedia":[{"embeddable":true,"href":"https:\/\/cvlogin.com\/info\/wp-json\/wp\/v2\/media\/644"}],"wp:attachment":[{"href":"https:\/\/cvlogin.com\/info\/wp-json\/wp\/v2\/media?parent=643"}],"wp:term":[{"taxonomy":"category","embeddable":true,"href":"https:\/\/cvlogin.com\/info\/wp-json\/wp\/v2\/categories?post=643"},{"taxonomy":"post_tag","embeddable":true,"href":"https:\/\/cvlogin.com\/info\/wp-json\/wp\/v2\/tags?post=643"}],"curies":[{"name":"wp","href":"https:\/\/api.w.org\/{rel}","templated":true}]}}