{"id":458,"date":"2016-02-15T23:14:02","date_gmt":"2016-02-15T21:14:02","guid":{"rendered":"http:\/\/blog.cvyaz.com\/?p=458"},"modified":"2022-06-22T15:41:18","modified_gmt":"2022-06-22T12:41:18","slug":"cvye-referans-mutlaka-eklenmeli-mi","status":"publish","type":"post","link":"https:\/\/cvlogin.com\/info\/tr\/cvye-referans-mutlaka-eklenmeli-mi\/","title":{"rendered":"CV\u2019ye referans mutlaka eklenmeli mi?"},"content":{"rendered":"<p>CV haz\u0131rlarken her a\u015famada tam olarak ifade edilmesi gerekenleri yazman\u0131z gerekti\u011fini unutmamal\u0131s\u0131n\u0131z. <a href=\"http:\/\/blog.cvlogin.com\/cv-hazirlarken-nelere-dikkat-etmeli\/\">CV haz\u0131rlarken dikkat edilmesi gereken kurallar\u0131<\/a>n nelerin oldu\u011fu, bu kurallara uyulmas\u0131n\u0131n getirece\u011fi avantajlar\u0131n fark\u0131nda olmak gereklidir. CV\u2019ler de bulunan referanslar k\u0131sm\u0131 i\u015fe al\u0131m s\u00fcrecinde \u00f6nemli bir role sahiptir. Referanslar k\u0131sm\u0131n\u0131n CV haz\u0131rlama kurallar\u0131na g\u00f6re haz\u0131rlanm\u0131\u015f olmas\u0131 sizleri bir ad\u0131m \u00f6ne ge\u00e7irecektir.<\/p>\n<p>Her CV \u00f6rne\u011finize referans eklemek zorunda olmad\u0131\u011f\u0131n\u0131z\u0131 bilmeniz gerekmektedir. Fakat referans belirtmedi\u011finizi uygun ifadelerle yazman\u0131zda fayda var. E\u011fer referanslar\u0131n\u0131z\u0131 eklemeyecekseniz referanslar k\u0131sm\u0131na \u201ctalep edildi\u011finde verilecektir\u201d ibaresini ekleyebilirsiniz. Hem referanslar\u0131n\u0131z\u0131n oldu\u011funu yans\u0131tacak bir c\u00fcmle eklemi\u015f olursunuz hem de bu alan\u0131 bo\u015f b\u0131rakmam\u0131\u015f olursunuz.<\/p>\n<p>Referanslar k\u0131sm\u0131 bo\u015f b\u0131rak\u0131labilir mi? sorusunun cevab\u0131 ise, referanslar\u0131n m\u00fclakat s\u00fcrecindeki \u00f6neminde gizlidir. Referanslar\u0131n\u0131z\u0131n eklendi\u011fi CV\u2019ler daha fazla dikkate al\u0131nmaktad\u0131r. Bu durum i\u015f g\u00f6r\u00fc\u015fmelerinde sizlerin ba\u015far\u0131ya bir ad\u0131m daha yakla\u015fmas\u0131nda olumlu etki yarat\u0131rken, referanslar k\u0131sm\u0131n\u0131n bo\u015f b\u0131rak\u0131lmamas\u0131 ad\u0131na bir akraban\u0131z\u0131n eklenmesi, hatal\u0131 bir giri\u015fim olarak nitelendirilecektir.<\/p>\n<p>Ba\u015fvurdu\u011funuz pozisyon veya ilgili sekt\u00f6rle alakal\u0131 hat\u0131r\u0131 say\u0131l\u0131r bir referans\u0131n\u0131z bulunuyorsa, CV \u00f6rneklerinize kesinlikle eklemeniz tavsiye edilmektedir. Referanslar k\u0131sm\u0131 bo\u015f kalmas\u0131n mant\u0131\u011f\u0131yla hareket ederek, akraban\u0131z\u0131 referans olarak g\u00f6stermeniz CV\u2019nize olan g\u00fcvenin d\u00fc\u015fmesine neden olacakt\u0131r. Ayr\u0131ca yine referanslar k\u0131sm\u0131na arkada\u015flar\u0131n\u0131z\u0131 eklemeniz de k\u00f6t\u00fc bir CV haz\u0131rlaman\u0131za neden olacakt\u0131r.<\/p>\n<p>Sizlere avantaj sa\u011flayacak bir referansa sahip de\u011filseniz, referans eklemenize gerek yoktur. Fakat durumu nazik bir ifadeyle belirtmek i\u00e7in \u201ctalep edildi\u011finde verilecektir\u201d \u015feklinde bir yaz\u0131 eklemeniz sizlerin d\u00fc\u015f\u00fcnceli ve kibar oldu\u011funu g\u00f6sterecektir.<br \/>\nMutlaka referans eklemek zorunda olmad\u0131\u011f\u0131n\u0131z\u0131 unutmamal\u0131s\u0131n\u0131z. B\u00f6ylece yanl\u0131\u015f ki\u015fileri zorunluluktan dolay\u0131 referans ekleme d\u00fc\u015f\u00fcncesinden uzakla\u015fm\u0131\u015f olursunuz. Profesyonelce haz\u0131rlanm\u0131\u015f bir CV\u2019nin sonunda referanslar kategorisindeki referans\u0131n\u0131z arkada\u015f\u0131n\u0131z ise ve sekt\u00f6r ile ilgili herhangi bir ba\u011flant\u0131s\u0131 yoksa sizlerin haz\u0131rlad\u0131\u011f\u0131 CV gereken ilgiyi g\u00f6rmeyebilir.<\/p>\n<p>CV haz\u0131rlarken sizlere faydas\u0131 olacak ki\u015fileri referanslar\u0131n\u0131za eklemeniz, CV\u2019nizin incelenme a\u015famas\u0131nda \u00f6nemli olarak not al\u0131nmas\u0131na katk\u0131 sa\u011flayacakt\u0131r. Bu ve benzeri kriterlerin g\u00f6z \u00f6n\u00fcne al\u0131nd\u0131\u011f\u0131nda sizlere katk\u0131 sa\u011flayaca\u011f\u0131n\u0131 d\u00fc\u015f\u00fcnd\u00fc\u011f\u00fcn\u00fcz ki\u015fileri referans eklemelisiniz. \u00d6nceki patronunuz, sekt\u00f6rdeki di\u011fer firma yetkilileri, benzer pozisyonda \u00e7al\u0131\u015fm\u0131\u015f olan i\u015f arkada\u015flar\u0131n\u0131z gibi \u00e7e\u015fitli \u00f6rnekler ba\u015far\u0131l\u0131 referanslar olarak say\u0131labilir. E\u011fer bu gibi referanslara sahip de\u011filseniz, amcao\u011flu, teyzek\u0131z\u0131, ablam gibi referanslar\u0131n\u0131z sizlere i\u015f g\u00f6r\u00fc\u015fmesinde katk\u0131 sa\u011flamayacakt\u0131r. Bu gibi durumlarda referanslar k\u0131sm\u0131na k\u0131sa bir c\u00fcmle yazman\u0131z yeterli olacakt\u0131r.<\/p>\n<p>Ba\u015far\u0131l\u0131 CV\u2019lerin her kategoride olmas\u0131 gerekenlerin en do\u011fru ifadelerle yer ald\u0131\u011f\u0131n\u0131, iletilmek istenilen mesaj\u0131 en k\u0131sa yoldan insan kaynaklar\u0131 personellerine iletti\u011fini unutmamal\u0131s\u0131n\u0131z. Kusursuz bir CV\u2019nin her a\u015famada olmas\u0131 gereken \u00e7izgisinden sapmamas\u0131 gerekti\u011finin fark\u0131nda olmal\u0131s\u0131n\u0131z. Bu \u00e7izgiler aras\u0131nda referanslar kategorisinin bulundu\u011funa vurgu yapmakta fayda var. Son olarak eklemekte fayda g\u00f6rd\u00fc\u011f\u00fcm\u00fcz bir husus ise, referanslar\u0131n\u0131z k\u0131sm\u0131na ger\u00e7ekle alakas\u0131 olmayan bilgiler eklemek sizlerin ilerleyen s\u00fcre\u00e7te mahcup olmas\u0131na neden olacakt\u0131r. Bu nedenle, referanslar k\u0131sm\u0131n\u0131 doldurman\u0131z\u0131n zorunlu olmad\u0131\u011f\u0131n\u0131 unutmamal\u0131s\u0131n\u0131z.<\/p>\n","protected":false},"excerpt":{"rendered":"<p>CV haz\u0131rlarken her a\u015famada tam olarak ifade edilmesi gerekenleri yazman\u0131z gerekti\u011fini unutmamal\u0131s\u0131n\u0131z. CV haz\u0131rlarken dikkat edilmesi gereken kurallar\u0131n nelerin oldu\u011fu, bu kurallara uyulmas\u0131n\u0131n getirece\u011fi avantajlar\u0131n fark\u0131nda olmak gereklidir.<\/p>\n","protected":false},"author":1,"featured_media":459,"comment_status":"open","ping_status":"open","sticky":false,"template":"","format":"standard","meta":{"_acf_changed":false,"_lmt_disableupdate":"","_lmt_disable":"","footnotes":""},"categories":[4,11],"tags":[573],"class_list":["post-458","post","type-post","status-publish","format-standard","has-post-thumbnail","hentry","category-cv","category-cv-ornekleri","tag-referanslar-tr"],"acf":[],"yoast_head":"<!-- This site is optimized with the Yoast SEO Premium plugin v21.4 (Yoast SEO v27.5) - https:\/\/yoast.com\/product\/yoast-seo-premium-wordpress\/ -->\n<title>CV\u2019ye referans mutlaka eklenmeli mi?<\/title>\n<meta name=\"description\" content=\"CV haz\u0131rlarken her a\u015famada tam olarak ifade edilmesi gerekenleri yazman\u0131z gerekti\u011fini unutmamal\u0131s\u0131n\u0131z. CV haz\u0131rlarken dikkat edilmesi gereken kurallar\u0131n nelerin oldu\u011fu, bu kurallara uyulmas\u0131n\u0131n getirece\u011fi avantajlar\u0131n fark\u0131nda olmak gereklidir.\" \/>\n<meta name=\"robots\" content=\"index, follow, max-snippet:-1, max-image-preview:large, max-video-preview:-1\" \/>\n<link rel=\"canonical\" href=\"https:\/\/cvlogin.com\/info\/tr\/cvye-referans-mutlaka-eklenmeli-mi\/\" \/>\n<meta property=\"og:locale\" content=\"tr_TR\" \/>\n<meta property=\"og:type\" content=\"article\" \/>\n<meta property=\"og:title\" content=\"CV\u2019ye referans mutlaka eklenmeli mi?\" \/>\n<meta property=\"og:description\" content=\"CV haz\u0131rlarken her a\u015famada tam olarak ifade edilmesi gerekenleri yazman\u0131z gerekti\u011fini unutmamal\u0131s\u0131n\u0131z. CV haz\u0131rlarken dikkat edilmesi gereken kurallar\u0131n nelerin oldu\u011fu, bu kurallara uyulmas\u0131n\u0131n getirece\u011fi avantajlar\u0131n fark\u0131nda olmak gereklidir.\" \/>\n<meta property=\"og:url\" content=\"https:\/\/cvlogin.com\/info\/tr\/cvye-referans-mutlaka-eklenmeli-mi\/\" \/>\n<meta property=\"og:site_name\" content=\"CV Login Blog: Kariyer Rehberi\" \/>\n<meta property=\"article:publisher\" content=\"https:\/\/www.facebook.com\/cvlogin\" \/>\n<meta property=\"article:published_time\" content=\"2016-02-15T21:14:02+00:00\" \/>\n<meta property=\"article:modified_time\" content=\"2022-06-22T12:41:18+00:00\" \/>\n<meta property=\"og:image\" content=\"https:\/\/cvlogin.com\/info\/wp-content\/uploads\/2016\/02\/CVdeki-referanslar.jpg\" \/>\n\t<meta property=\"og:image:width\" content=\"710\" \/>\n\t<meta property=\"og:image:height\" content=\"270\" \/>\n\t<meta property=\"og:image:type\" content=\"image\/jpeg\" \/>\n<meta name=\"author\" content=\"Berna Ak\" \/>\n<meta name=\"twitter:card\" content=\"summary_large_image\" \/>\n<meta name=\"twitter:creator\" content=\"@cvlogincom\" \/>\n<meta name=\"twitter:site\" content=\"@cvlogincom\" \/>\n<meta name=\"twitter:label1\" content=\"Yazan:\" \/>\n\t<meta name=\"twitter:data1\" content=\"Berna Ak\" \/>\n\t<meta name=\"twitter:label2\" content=\"Tahmini okuma s\u00fcresi\" \/>\n\t<meta name=\"twitter:data2\" content=\"3 dakika\" \/>\n<script type=\"application\/ld+json\" class=\"yoast-schema-graph\">{\"@context\":\"https:\\\/\\\/schema.org\",\"@graph\":[{\"@type\":\"Article\",\"@id\":\"https:\\\/\\\/cvlogin.com\\\/info\\\/tr\\\/cvye-referans-mutlaka-eklenmeli-mi\\\/#article\",\"isPartOf\":{\"@id\":\"https:\\\/\\\/cvlogin.com\\\/info\\\/tr\\\/cvye-referans-mutlaka-eklenmeli-mi\\\/\"},\"author\":{\"name\":\"Berna Ak\",\"@id\":\"https:\\\/\\\/cvlogin.com\\\/info\\\/#\\\/schema\\\/person\\\/bf10e5a99dc8ed0982645be80c00cffb\"},\"headline\":\"CV\u2019ye referans mutlaka eklenmeli mi?\",\"datePublished\":\"2016-02-15T21:14:02+00:00\",\"dateModified\":\"2022-06-22T12:41:18+00:00\",\"mainEntityOfPage\":{\"@id\":\"https:\\\/\\\/cvlogin.com\\\/info\\\/tr\\\/cvye-referans-mutlaka-eklenmeli-mi\\\/\"},\"wordCount\":633,\"commentCount\":0,\"publisher\":{\"@id\":\"https:\\\/\\\/cvlogin.com\\\/info\\\/#organization\"},\"image\":{\"@id\":\"https:\\\/\\\/cvlogin.com\\\/info\\\/tr\\\/cvye-referans-mutlaka-eklenmeli-mi\\\/#primaryimage\"},\"thumbnailUrl\":\"https:\\\/\\\/cvlogin.com\\\/info\\\/wp-content\\\/uploads\\\/2016\\\/02\\\/CVdeki-referanslar.jpg\",\"keywords\":[\"Referanslar\"],\"articleSection\":[\"CV\",\"CV \u00d6rnekleri\"],\"inLanguage\":\"tr\",\"potentialAction\":[{\"@type\":\"CommentAction\",\"name\":\"Comment\",\"target\":[\"https:\\\/\\\/cvlogin.com\\\/info\\\/tr\\\/cvye-referans-mutlaka-eklenmeli-mi\\\/#respond\"]}]},{\"@type\":\"WebPage\",\"@id\":\"https:\\\/\\\/cvlogin.com\\\/info\\\/tr\\\/cvye-referans-mutlaka-eklenmeli-mi\\\/\",\"url\":\"https:\\\/\\\/cvlogin.com\\\/info\\\/tr\\\/cvye-referans-mutlaka-eklenmeli-mi\\\/\",\"name\":\"CV\u2019ye referans mutlaka eklenmeli mi?\",\"isPartOf\":{\"@id\":\"https:\\\/\\\/cvlogin.com\\\/info\\\/#website\"},\"primaryImageOfPage\":{\"@id\":\"https:\\\/\\\/cvlogin.com\\\/info\\\/tr\\\/cvye-referans-mutlaka-eklenmeli-mi\\\/#primaryimage\"},\"image\":{\"@id\":\"https:\\\/\\\/cvlogin.com\\\/info\\\/tr\\\/cvye-referans-mutlaka-eklenmeli-mi\\\/#primaryimage\"},\"thumbnailUrl\":\"https:\\\/\\\/cvlogin.com\\\/info\\\/wp-content\\\/uploads\\\/2016\\\/02\\\/CVdeki-referanslar.jpg\",\"datePublished\":\"2016-02-15T21:14:02+00:00\",\"dateModified\":\"2022-06-22T12:41:18+00:00\",\"description\":\"CV haz\u0131rlarken her a\u015famada tam olarak ifade edilmesi gerekenleri yazman\u0131z gerekti\u011fini unutmamal\u0131s\u0131n\u0131z. CV haz\u0131rlarken dikkat edilmesi gereken kurallar\u0131n nelerin oldu\u011fu, bu kurallara uyulmas\u0131n\u0131n getirece\u011fi avantajlar\u0131n fark\u0131nda olmak gereklidir.\",\"breadcrumb\":{\"@id\":\"https:\\\/\\\/cvlogin.com\\\/info\\\/tr\\\/cvye-referans-mutlaka-eklenmeli-mi\\\/#breadcrumb\"},\"inLanguage\":\"tr\",\"potentialAction\":[{\"@type\":\"ReadAction\",\"target\":[\"https:\\\/\\\/cvlogin.com\\\/info\\\/tr\\\/cvye-referans-mutlaka-eklenmeli-mi\\\/\"]}]},{\"@type\":\"ImageObject\",\"inLanguage\":\"tr\",\"@id\":\"https:\\\/\\\/cvlogin.com\\\/info\\\/tr\\\/cvye-referans-mutlaka-eklenmeli-mi\\\/#primaryimage\",\"url\":\"https:\\\/\\\/cvlogin.com\\\/info\\\/wp-content\\\/uploads\\\/2016\\\/02\\\/CVdeki-referanslar.jpg\",\"contentUrl\":\"https:\\\/\\\/cvlogin.com\\\/info\\\/wp-content\\\/uploads\\\/2016\\\/02\\\/CVdeki-referanslar.jpg\",\"width\":710,\"height\":270},{\"@type\":\"BreadcrumbList\",\"@id\":\"https:\\\/\\\/cvlogin.com\\\/info\\\/tr\\\/cvye-referans-mutlaka-eklenmeli-mi\\\/#breadcrumb\",\"itemListElement\":[{\"@type\":\"ListItem\",\"position\":1,\"name\":\"Anasayfa\",\"item\":\"https:\\\/\\\/cvlogin.com\\\/info\\\/\"},{\"@type\":\"ListItem\",\"position\":2,\"name\":\"CV\",\"item\":\"https:\\\/\\\/cvlogin.com\\\/info\\\/tr\\\/cv\\\/\"},{\"@type\":\"ListItem\",\"position\":3,\"name\":\"CV\u2019ye referans mutlaka eklenmeli mi?\"}]},{\"@type\":\"WebSite\",\"@id\":\"https:\\\/\\\/cvlogin.com\\\/info\\\/#website\",\"url\":\"https:\\\/\\\/cvlogin.com\\\/info\\\/\",\"name\":\"CV Login Blog: Kariyer Rehberi\",\"description\":\"CV haz\u0131rlama, i\u015f g\u00f6r\u00fc\u015fmesi ve daha fazlas\u0131 hakk\u0131nda bilgi edinmek i\u00e7in en iyi yer.\",\"publisher\":{\"@id\":\"https:\\\/\\\/cvlogin.com\\\/info\\\/#organization\"},\"potentialAction\":[{\"@type\":\"SearchAction\",\"target\":{\"@type\":\"EntryPoint\",\"urlTemplate\":\"https:\\\/\\\/cvlogin.com\\\/info\\\/?s={search_term_string}\"},\"query-input\":{\"@type\":\"PropertyValueSpecification\",\"valueRequired\":true,\"valueName\":\"search_term_string\"}}],\"inLanguage\":\"tr\"},{\"@type\":\"Organization\",\"@id\":\"https:\\\/\\\/cvlogin.com\\\/info\\\/#organization\",\"name\":\"cvlogin\",\"alternateName\":\"cvlogin GmbH\",\"url\":\"https:\\\/\\\/cvlogin.com\\\/info\\\/\",\"logo\":{\"@type\":\"ImageObject\",\"inLanguage\":\"tr\",\"@id\":\"https:\\\/\\\/cvlogin.com\\\/info\\\/#\\\/schema\\\/logo\\\/image\\\/\",\"url\":\"http:\\\/\\\/cvlogin.com\\\/info\\\/wp-content\\\/uploads\\\/2022\\\/07\\\/HFrdHEXl_400x400.jpg\",\"contentUrl\":\"http:\\\/\\\/cvlogin.com\\\/info\\\/wp-content\\\/uploads\\\/2022\\\/07\\\/HFrdHEXl_400x400.jpg\",\"width\":240,\"height\":240,\"caption\":\"cvlogin\"},\"image\":{\"@id\":\"https:\\\/\\\/cvlogin.com\\\/info\\\/#\\\/schema\\\/logo\\\/image\\\/\"},\"sameAs\":[\"https:\\\/\\\/www.facebook.com\\\/cvlogin\",\"https:\\\/\\\/x.com\\\/cvlogincom\",\"https:\\\/\\\/www.instagram.com\\\/cvlogin\\\/\"]},{\"@type\":\"Person\",\"@id\":\"https:\\\/\\\/cvlogin.com\\\/info\\\/#\\\/schema\\\/person\\\/bf10e5a99dc8ed0982645be80c00cffb\",\"name\":\"Berna Ak\",\"image\":{\"@type\":\"ImageObject\",\"inLanguage\":\"tr\",\"@id\":\"https:\\\/\\\/cvlogin.com\\\/info\\\/wp-content\\\/uploads\\\/2023\\\/06\\\/avatar-150x150.jpg\",\"url\":\"https:\\\/\\\/cvlogin.com\\\/info\\\/wp-content\\\/uploads\\\/2023\\\/06\\\/avatar-150x150.jpg\",\"contentUrl\":\"https:\\\/\\\/cvlogin.com\\\/info\\\/wp-content\\\/uploads\\\/2023\\\/06\\\/avatar-150x150.jpg\",\"caption\":\"Berna Ak\"},\"url\":\"https:\\\/\\\/cvlogin.com\\\/info\\\/author\\\/admin\\\/\"}]}<\/script>\n<!-- \/ Yoast SEO Premium plugin. -->","yoast_head_json":{"title":"CV\u2019ye referans mutlaka eklenmeli mi?","description":"CV haz\u0131rlarken her a\u015famada tam olarak ifade edilmesi gerekenleri yazman\u0131z gerekti\u011fini unutmamal\u0131s\u0131n\u0131z. CV haz\u0131rlarken dikkat edilmesi gereken kurallar\u0131n nelerin oldu\u011fu, bu kurallara uyulmas\u0131n\u0131n getirece\u011fi avantajlar\u0131n fark\u0131nda olmak gereklidir.","robots":{"index":"index","follow":"follow","max-snippet":"max-snippet:-1","max-image-preview":"max-image-preview:large","max-video-preview":"max-video-preview:-1"},"canonical":"https:\/\/cvlogin.com\/info\/tr\/cvye-referans-mutlaka-eklenmeli-mi\/","og_locale":"tr_TR","og_type":"article","og_title":"CV\u2019ye referans mutlaka eklenmeli mi?","og_description":"CV haz\u0131rlarken her a\u015famada tam olarak ifade edilmesi gerekenleri yazman\u0131z gerekti\u011fini unutmamal\u0131s\u0131n\u0131z. CV haz\u0131rlarken dikkat edilmesi gereken kurallar\u0131n nelerin oldu\u011fu, bu kurallara uyulmas\u0131n\u0131n getirece\u011fi avantajlar\u0131n fark\u0131nda olmak gereklidir.","og_url":"https:\/\/cvlogin.com\/info\/tr\/cvye-referans-mutlaka-eklenmeli-mi\/","og_site_name":"CV Login Blog: Kariyer Rehberi","article_publisher":"https:\/\/www.facebook.com\/cvlogin","article_published_time":"2016-02-15T21:14:02+00:00","article_modified_time":"2022-06-22T12:41:18+00:00","og_image":[{"width":710,"height":270,"url":"https:\/\/cvlogin.com\/info\/wp-content\/uploads\/2016\/02\/CVdeki-referanslar.jpg","type":"image\/jpeg"}],"author":"Berna Ak","twitter_card":"summary_large_image","twitter_creator":"@cvlogincom","twitter_site":"@cvlogincom","twitter_misc":{"Yazan:":"Berna Ak","Tahmini okuma s\u00fcresi":"3 dakika"},"schema":{"@context":"https:\/\/schema.org","@graph":[{"@type":"Article","@id":"https:\/\/cvlogin.com\/info\/tr\/cvye-referans-mutlaka-eklenmeli-mi\/#article","isPartOf":{"@id":"https:\/\/cvlogin.com\/info\/tr\/cvye-referans-mutlaka-eklenmeli-mi\/"},"author":{"name":"Berna Ak","@id":"https:\/\/cvlogin.com\/info\/#\/schema\/person\/bf10e5a99dc8ed0982645be80c00cffb"},"headline":"CV\u2019ye referans mutlaka eklenmeli mi?","datePublished":"2016-02-15T21:14:02+00:00","dateModified":"2022-06-22T12:41:18+00:00","mainEntityOfPage":{"@id":"https:\/\/cvlogin.com\/info\/tr\/cvye-referans-mutlaka-eklenmeli-mi\/"},"wordCount":633,"commentCount":0,"publisher":{"@id":"https:\/\/cvlogin.com\/info\/#organization"},"image":{"@id":"https:\/\/cvlogin.com\/info\/tr\/cvye-referans-mutlaka-eklenmeli-mi\/#primaryimage"},"thumbnailUrl":"https:\/\/cvlogin.com\/info\/wp-content\/uploads\/2016\/02\/CVdeki-referanslar.jpg","keywords":["Referanslar"],"articleSection":["CV","CV \u00d6rnekleri"],"inLanguage":"tr","potentialAction":[{"@type":"CommentAction","name":"Comment","target":["https:\/\/cvlogin.com\/info\/tr\/cvye-referans-mutlaka-eklenmeli-mi\/#respond"]}]},{"@type":"WebPage","@id":"https:\/\/cvlogin.com\/info\/tr\/cvye-referans-mutlaka-eklenmeli-mi\/","url":"https:\/\/cvlogin.com\/info\/tr\/cvye-referans-mutlaka-eklenmeli-mi\/","name":"CV\u2019ye referans mutlaka eklenmeli mi?","isPartOf":{"@id":"https:\/\/cvlogin.com\/info\/#website"},"primaryImageOfPage":{"@id":"https:\/\/cvlogin.com\/info\/tr\/cvye-referans-mutlaka-eklenmeli-mi\/#primaryimage"},"image":{"@id":"https:\/\/cvlogin.com\/info\/tr\/cvye-referans-mutlaka-eklenmeli-mi\/#primaryimage"},"thumbnailUrl":"https:\/\/cvlogin.com\/info\/wp-content\/uploads\/2016\/02\/CVdeki-referanslar.jpg","datePublished":"2016-02-15T21:14:02+00:00","dateModified":"2022-06-22T12:41:18+00:00","description":"CV haz\u0131rlarken her a\u015famada tam olarak ifade edilmesi gerekenleri yazman\u0131z gerekti\u011fini unutmamal\u0131s\u0131n\u0131z. CV haz\u0131rlarken dikkat edilmesi gereken kurallar\u0131n nelerin oldu\u011fu, bu kurallara uyulmas\u0131n\u0131n getirece\u011fi avantajlar\u0131n fark\u0131nda olmak gereklidir.","breadcrumb":{"@id":"https:\/\/cvlogin.com\/info\/tr\/cvye-referans-mutlaka-eklenmeli-mi\/#breadcrumb"},"inLanguage":"tr","potentialAction":[{"@type":"ReadAction","target":["https:\/\/cvlogin.com\/info\/tr\/cvye-referans-mutlaka-eklenmeli-mi\/"]}]},{"@type":"ImageObject","inLanguage":"tr","@id":"https:\/\/cvlogin.com\/info\/tr\/cvye-referans-mutlaka-eklenmeli-mi\/#primaryimage","url":"https:\/\/cvlogin.com\/info\/wp-content\/uploads\/2016\/02\/CVdeki-referanslar.jpg","contentUrl":"https:\/\/cvlogin.com\/info\/wp-content\/uploads\/2016\/02\/CVdeki-referanslar.jpg","width":710,"height":270},{"@type":"BreadcrumbList","@id":"https:\/\/cvlogin.com\/info\/tr\/cvye-referans-mutlaka-eklenmeli-mi\/#breadcrumb","itemListElement":[{"@type":"ListItem","position":1,"name":"Anasayfa","item":"https:\/\/cvlogin.com\/info\/"},{"@type":"ListItem","position":2,"name":"CV","item":"https:\/\/cvlogin.com\/info\/tr\/cv\/"},{"@type":"ListItem","position":3,"name":"CV\u2019ye referans mutlaka eklenmeli mi?"}]},{"@type":"WebSite","@id":"https:\/\/cvlogin.com\/info\/#website","url":"https:\/\/cvlogin.com\/info\/","name":"CV Login Blog: Kariyer Rehberi","description":"CV haz\u0131rlama, i\u015f g\u00f6r\u00fc\u015fmesi ve daha fazlas\u0131 hakk\u0131nda bilgi edinmek i\u00e7in en iyi yer.","publisher":{"@id":"https:\/\/cvlogin.com\/info\/#organization"},"potentialAction":[{"@type":"SearchAction","target":{"@type":"EntryPoint","urlTemplate":"https:\/\/cvlogin.com\/info\/?s={search_term_string}"},"query-input":{"@type":"PropertyValueSpecification","valueRequired":true,"valueName":"search_term_string"}}],"inLanguage":"tr"},{"@type":"Organization","@id":"https:\/\/cvlogin.com\/info\/#organization","name":"cvlogin","alternateName":"cvlogin GmbH","url":"https:\/\/cvlogin.com\/info\/","logo":{"@type":"ImageObject","inLanguage":"tr","@id":"https:\/\/cvlogin.com\/info\/#\/schema\/logo\/image\/","url":"http:\/\/cvlogin.com\/info\/wp-content\/uploads\/2022\/07\/HFrdHEXl_400x400.jpg","contentUrl":"http:\/\/cvlogin.com\/info\/wp-content\/uploads\/2022\/07\/HFrdHEXl_400x400.jpg","width":240,"height":240,"caption":"cvlogin"},"image":{"@id":"https:\/\/cvlogin.com\/info\/#\/schema\/logo\/image\/"},"sameAs":["https:\/\/www.facebook.com\/cvlogin","https:\/\/x.com\/cvlogincom","https:\/\/www.instagram.com\/cvlogin\/"]},{"@type":"Person","@id":"https:\/\/cvlogin.com\/info\/#\/schema\/person\/bf10e5a99dc8ed0982645be80c00cffb","name":"Berna Ak","image":{"@type":"ImageObject","inLanguage":"tr","@id":"https:\/\/cvlogin.com\/info\/wp-content\/uploads\/2023\/06\/avatar-150x150.jpg","url":"https:\/\/cvlogin.com\/info\/wp-content\/uploads\/2023\/06\/avatar-150x150.jpg","contentUrl":"https:\/\/cvlogin.com\/info\/wp-content\/uploads\/2023\/06\/avatar-150x150.jpg","caption":"Berna Ak"},"url":"https:\/\/cvlogin.com\/info\/author\/admin\/"}]}},"_links":{"self":[{"href":"https:\/\/cvlogin.com\/info\/wp-json\/wp\/v2\/posts\/458","targetHints":{"allow":["GET"]}}],"collection":[{"href":"https:\/\/cvlogin.com\/info\/wp-json\/wp\/v2\/posts"}],"about":[{"href":"https:\/\/cvlogin.com\/info\/wp-json\/wp\/v2\/types\/post"}],"author":[{"embeddable":true,"href":"https:\/\/cvlogin.com\/info\/wp-json\/wp\/v2\/users\/1"}],"replies":[{"embeddable":true,"href":"https:\/\/cvlogin.com\/info\/wp-json\/wp\/v2\/comments?post=458"}],"version-history":[{"count":8,"href":"https:\/\/cvlogin.com\/info\/wp-json\/wp\/v2\/posts\/458\/revisions"}],"predecessor-version":[{"id":4466,"href":"https:\/\/cvlogin.com\/info\/wp-json\/wp\/v2\/posts\/458\/revisions\/4466"}],"wp:featuredmedia":[{"embeddable":true,"href":"https:\/\/cvlogin.com\/info\/wp-json\/wp\/v2\/media\/459"}],"wp:attachment":[{"href":"https:\/\/cvlogin.com\/info\/wp-json\/wp\/v2\/media?parent=458"}],"wp:term":[{"taxonomy":"category","embeddable":true,"href":"https:\/\/cvlogin.com\/info\/wp-json\/wp\/v2\/categories?post=458"},{"taxonomy":"post_tag","embeddable":true,"href":"https:\/\/cvlogin.com\/info\/wp-json\/wp\/v2\/tags?post=458"}],"curies":[{"name":"wp","href":"https:\/\/api.w.org\/{rel}","templated":true}]}}