{"id":356,"date":"2016-02-01T00:12:00","date_gmt":"2016-01-31T22:12:00","guid":{"rendered":"http:\/\/blog.cvyaz.com\/?p=356"},"modified":"2022-06-16T21:16:55","modified_gmt":"2022-06-16T18:16:55","slug":"iyi-bir-ozgecmis-ne-uzunlukta-olmali","status":"publish","type":"post","link":"https:\/\/cvlogin.com\/info\/tr\/iyi-bir-ozgecmis-ne-uzunlukta-olmali\/","title":{"rendered":"\u0130yi bir CV (\u00f6zge\u00e7mi\u015f) ne uzunlukta olmal\u0131?"},"content":{"rendered":"<p><strong>\u0130\u015f ba\u015fvurular\u0131n\u0131n<\/strong> olmazsa olmaz\u0131, hatta bir i\u015fte \u00e7al\u0131\u015f\u0131rken bile s\u00fcrekli g\u00fcncellenmesi, g\u00fcncel tutulmas\u0131 gereken bir \u015fey; \u00f6z ge\u00e7mi\u015f ya da pop\u00fcler ad\u0131yla CV. Peki nedir bu \u00f6z ge\u00e7mi\u015f, n<a href=\"http:\/\/blog.cvlogin.com\/cv-nasil-hazirlanir\/\" target=\"_blank\" rel=\"noopener\">as\u0131l haz\u0131rlan\u0131r<\/a>, i\u00e7ine neler eklenir, ne kadar uzun olmal\u0131d\u0131r, giri\u015fi nas\u0131l olmal\u0131d\u0131r? T\u00fcm bu sorular\u0131n cevab\u0131, i\u015fe ba\u015fvuru ve kabul s\u00fcre\u00e7lerinde kilit rol oynamaktad\u0131r. \u00c7\u00fcnk\u00fc bir \u00f6z ge\u00e7mi\u015f, asl\u0131nda sizin i\u015fverenin masas\u0131ndaki temsilciniz ve reklam\u0131n\u0131zd\u0131r. Ve art\u0131k hepimiz biliyoruz ki, reklam\u0131n iyisi k\u00f6t\u00fcs\u00fc olur.<\/p>\n<p>\u00d6zge\u00e7mi\u015f ya da <a href=\"http:\/\/blog.cvlogin.com\/cv-nedir\/\">CV<\/a> k\u0131saca; bir ki\u015finin i\u015f hayat\u0131ndaki d\u00f6n\u00fcm noktalar\u0131n\u0131, tecr\u00fcbelerini, varsa belgelerini, sertifikalar\u0131n\u0131, e\u011fitim bilgilerini, isim soy isim, do\u011fum tarihi, medeni hali gibi ki\u015fisel bilgilerini ve varsa kendisine <a href=\"http:\/\/blog.cvlogin.com\/cvde-referans-nasil-gosterilir\/\" target=\"_blank\" rel=\"noopener\">referans <\/a>olabilecek ki\u015fi bilgilerini payla\u015ft\u0131\u011f\u0131 ki\u015fisel <strong>i\u015fe ba\u015fvuru<\/strong> formudur. Genel ge\u00e7er <strong>\u00f6z ge\u00e7mi\u015f<\/strong> d\u00fczeni s\u0131kl\u0131kla ki\u015fisel bilgiler, e\u011fitim bilgileri, i\u015f tecr\u00fcbeleri, sertifikalar, hobiler ve referanslar olarak s\u0131ralanabilir. Yine \u00f6z ge\u00e7mi\u015fe kendi a\u011fz\u0131n\u0131zdan k\u0131sa bir tan\u0131t\u0131c\u0131 yaz\u0131 eklemek son derece ilgi \u00e7ekici olacakt\u0131r.<\/p>\n<p>Burada en \u00e7ok dikkat edilmesi gereken nokta <strong>\u00f6z ge\u00e7mi\u015finizin uzunlu\u011fudur<\/strong>. \u00c7\u00fcnk\u00fc y\u00fcksek i\u015f temposu i\u00e7erisinde \u00f6z ge\u00e7mi\u015f de\u011ferlendirmelerine ayr\u0131lan s\u00fcre ortalama 1-3 dakikad\u0131r. Bu da k\u0131sa ancak dikkat \u00e7ekici ve \u00f6zetleyici bir \u00f6z ge\u00e7mi\u015f ortaya koyman\u0131z gerekti\u011fini g\u00f6stermektedir. E\u011fer \u00f6z ge\u00e7mi\u015finizi maksimum 2 sayfay\u0131 ge\u00e7meyecek \u015fekilde ayarlayamazsan\u0131z, \u201cBiz size d\u00f6n\u00fc\u015f yapaca\u011f\u0131z.\u201d cevab\u0131 alman\u0131z ve \u00f6z ge\u00e7mi\u015finizin tozlu raflara kar\u0131\u015fmas\u0131 \u00e7ok muhtemel olacakt\u0131r. \u00c7\u00fcnk\u00fc uzunlu\u011fu i\u015fverenler taraf\u0131ndan \u201cg\u00f6z yorucu ve kafa kar\u0131\u015ft\u0131r\u0131c\u0131\u201d olarak de\u011ferlendirilecektir. Bunun i\u00e7in gereksiz olabilece\u011fini d\u00fc\u015f\u00fcnd\u00fc\u011f\u00fcn\u00fcz t\u00fcm bilgilerinizi \u00e7\u0131kar\u0131n. \u00d6rne\u011fin; kimse sizin gitti\u011finiz ana okulu veya ilkokulu merak etmeyecektir. Yine okul y\u0131llar\u0131nda yer ald\u0131\u011f\u0131n\u0131z m\u00fcsamereleri \u00f6z ge\u00e7mi\u015finize eklemeniz de size \u015firin g\u00f6z\u00fckse de i\u015fi alman\u0131z a\u00e7\u0131s\u0131ndan pek yard\u0131mc\u0131 olmayacakt\u0131r, tabii bir cast ajans\u0131na veya yap\u0131m \u015firketine ba\u015fvurmuyorsan\u0131z.<\/p>\n<p>\u00d6z ge\u00e7mi\u015f haz\u0131rlarken en kilit konulardan biri de, i\u015fi ne kadar isterseniz isteyin, ne olursa olsun, <a href=\"https:\/\/cms.cvlogin.com\/info\/ozgecmisimizde-yalan-soylersem-basima-neler-gelebilir\/\" target=\"_blank\" rel=\"noopener\">asla ama asla yalan s\u00f6ylemeyin<\/a>. Bunun fark edilmesi durumunda hayalinizdeki veya ihtiya\u00e7 duydu\u011funuz i\u015ften uzakla\u015ft\u0131r\u0131ld\u0131\u011f\u0131n\u0131zda ya\u015fayaca\u011f\u0131n\u0131z hayal k\u0131r\u0131kl\u0131\u011f\u0131, ilk a\u015famadaki sevin\u00e7 duygusundan kat kat b\u00fcy\u00fck olacakt\u0131r.<\/p>\n<p><strong>\u0130deal bir \u00f6z ge\u00e7mi\u015fin uzunlu\u011funun<\/strong> 2 sayfay\u0131 ge\u00e7memesi gerekti\u011fini s\u00f6ylemi\u015ftik. Bununla birlikte bu 2 sayfan\u0131n d\u00fczeni de \u00f6z ge\u00e7mi\u015finizin di\u011ferleri aras\u0131ndan s\u0131yr\u0131lmas\u0131nda \u00f6nemli rol oynayacakt\u0131r. <a href=\"https:\/\/cms.cvlogin.com\/info\/cvlerde-fotograf-bulunmasi-sart-mi\/\" target=\"_blank\" rel=\"noopener\">\u00d6z ge\u00e7mi\u015finizde mutlaka bir foto\u011fraf\u0131n\u0131z bulunsun<\/a>. Bu hem sizin \u00f6z g\u00fcveninizi g\u00f6sterecek hem de i\u015f verenin akl\u0131nda kalman\u0131za yard\u0131mc\u0131 olacakt\u0131r.<\/p>\n<p>\u00d6z ge\u00e7mi\u015f haz\u0131rlamak ideal uzunlu\u011fu yakalamak ve d\u00fczeni sa\u011flamak gibi noktalar\u0131yla u\u011fra\u015ft\u0131r\u0131c\u0131 bir s\u00fcre\u00e7 gibi g\u00f6r\u00fcnse de, hayalinizdeki i\u015fe yerle\u015fmek, kadroya girmek ve hatta terfi almak i\u00e7in olmazsa olmaz\u0131n\u0131zd\u0131r. <strong>\u0130deal formlarda olu\u015fturulmu\u015f bir \u00f6z ge\u00e7mi\u015f<\/strong>, size bunlar\u0131n ve daha bir\u00e7ok g\u00fczel \u015feyin kap\u0131s\u0131n\u0131 a\u00e7acakt\u0131r. Bir d\u00fc\u015f\u00fcn\u00fcn, t\u00fcm bunlara de\u011fmez mi?<\/p>\n","protected":false},"excerpt":{"rendered":"<p>\u0130\u015f ba\u015fvurular\u0131n\u0131n olmazsa olmaz\u0131, hatta bir i\u015fte \u00e7al\u0131\u015f\u0131rken bile s\u00fcrekli g\u00fcncellenmesi, g\u00fcncel tutulmas\u0131 gereken bir \u015fey; \u00f6z ge\u00e7mi\u015f ya da pop\u00fcler ad\u0131yla CV. Peki nedir bu \u00f6z ge\u00e7mi\u015f, nas\u0131l haz\u0131rlan\u0131r, i\u00e7ine neler eklenir, ne kadar uzun olmal\u0131d\u0131r, giri\u015fi nas\u0131l olmal\u0131d\u0131r?<\/p>\n","protected":false},"author":1,"featured_media":357,"comment_status":"open","ping_status":"open","sticky":false,"template":"","format":"standard","meta":{"_acf_changed":false,"_lmt_disableupdate":"","_lmt_disable":"","footnotes":""},"categories":[4],"tags":[],"class_list":["post-356","post","type-post","status-publish","format-standard","has-post-thumbnail","hentry","category-cv"],"acf":[],"yoast_head":"<!-- This site is optimized with the Yoast SEO Premium plugin v21.4 (Yoast SEO v27.5) - https:\/\/yoast.com\/product\/yoast-seo-premium-wordpress\/ -->\n<title>\u0130yi bir CV (\u00f6zge\u00e7mi\u015f) ne uzunlukta olmal\u0131?<\/title>\n<meta name=\"description\" content=\"\u0130\u015f ba\u015fvurular\u0131n\u0131n olmazsa olmaz\u0131, hatta bir i\u015fte \u00e7al\u0131\u015f\u0131rken bile s\u00fcrekli g\u00fcncellenmesi, g\u00fcncel tutulmas\u0131 gereken bir \u015fey; \u00f6z ge\u00e7mi\u015f ya da pop\u00fcler ad\u0131yla CV. Peki nedir bu \u00f6z ge\u00e7mi\u015f, nas\u0131l haz\u0131rlan\u0131r, i\u00e7ine neler eklenir, ne kadar uzun olmal\u0131d\u0131r, giri\u015fi nas\u0131l olmal\u0131d\u0131r?\" \/>\n<meta name=\"robots\" content=\"index, follow, max-snippet:-1, max-image-preview:large, max-video-preview:-1\" \/>\n<link rel=\"canonical\" href=\"https:\/\/cvlogin.com\/info\/tr\/iyi-bir-ozgecmis-ne-uzunlukta-olmali\/\" \/>\n<meta property=\"og:locale\" content=\"tr_TR\" \/>\n<meta property=\"og:type\" content=\"article\" \/>\n<meta property=\"og:title\" content=\"\u0130yi bir CV (\u00f6zge\u00e7mi\u015f) ne uzunlukta olmal\u0131?\" \/>\n<meta property=\"og:description\" content=\"\u0130\u015f ba\u015fvurular\u0131n\u0131n olmazsa olmaz\u0131, hatta bir i\u015fte \u00e7al\u0131\u015f\u0131rken bile s\u00fcrekli g\u00fcncellenmesi, g\u00fcncel tutulmas\u0131 gereken bir \u015fey; \u00f6z ge\u00e7mi\u015f ya da pop\u00fcler ad\u0131yla CV. Peki nedir bu \u00f6z ge\u00e7mi\u015f, nas\u0131l haz\u0131rlan\u0131r, i\u00e7ine neler eklenir, ne kadar uzun olmal\u0131d\u0131r, giri\u015fi nas\u0131l olmal\u0131d\u0131r?\" \/>\n<meta property=\"og:url\" content=\"https:\/\/cvlogin.com\/info\/tr\/iyi-bir-ozgecmis-ne-uzunlukta-olmali\/\" \/>\n<meta property=\"og:site_name\" content=\"CV Login Blog: Kariyer Rehberi\" \/>\n<meta property=\"article:publisher\" content=\"https:\/\/www.facebook.com\/cvlogin\" \/>\n<meta property=\"article:published_time\" content=\"2016-01-31T22:12:00+00:00\" \/>\n<meta property=\"article:modified_time\" content=\"2022-06-16T18:16:55+00:00\" \/>\n<meta property=\"og:image\" content=\"https:\/\/cvlogin.com\/info\/wp-content\/uploads\/2016\/02\/uzuncv.jpg\" \/>\n\t<meta property=\"og:image:width\" content=\"832\" \/>\n\t<meta property=\"og:image:height\" content=\"468\" \/>\n\t<meta property=\"og:image:type\" content=\"image\/jpeg\" \/>\n<meta name=\"author\" content=\"Berna Ak\" \/>\n<meta name=\"twitter:card\" content=\"summary_large_image\" \/>\n<meta name=\"twitter:creator\" content=\"@cvlogincom\" \/>\n<meta name=\"twitter:site\" content=\"@cvlogincom\" \/>\n<meta name=\"twitter:label1\" content=\"Yazan:\" \/>\n\t<meta name=\"twitter:data1\" content=\"Berna Ak\" \/>\n\t<meta name=\"twitter:label2\" content=\"Tahmini okuma s\u00fcresi\" \/>\n\t<meta name=\"twitter:data2\" content=\"3 dakika\" \/>\n<script type=\"application\/ld+json\" class=\"yoast-schema-graph\">{\"@context\":\"https:\\\/\\\/schema.org\",\"@graph\":[{\"@type\":\"Article\",\"@id\":\"https:\\\/\\\/cvlogin.com\\\/info\\\/tr\\\/iyi-bir-ozgecmis-ne-uzunlukta-olmali\\\/#article\",\"isPartOf\":{\"@id\":\"https:\\\/\\\/cvlogin.com\\\/info\\\/tr\\\/iyi-bir-ozgecmis-ne-uzunlukta-olmali\\\/\"},\"author\":{\"name\":\"Berna Ak\",\"@id\":\"https:\\\/\\\/cvlogin.com\\\/info\\\/#\\\/schema\\\/person\\\/bf10e5a99dc8ed0982645be80c00cffb\"},\"headline\":\"\u0130yi bir CV (\u00f6zge\u00e7mi\u015f) ne uzunlukta olmal\u0131?\",\"datePublished\":\"2016-01-31T22:12:00+00:00\",\"dateModified\":\"2022-06-16T18:16:55+00:00\",\"mainEntityOfPage\":{\"@id\":\"https:\\\/\\\/cvlogin.com\\\/info\\\/tr\\\/iyi-bir-ozgecmis-ne-uzunlukta-olmali\\\/\"},\"wordCount\":622,\"commentCount\":0,\"publisher\":{\"@id\":\"https:\\\/\\\/cvlogin.com\\\/info\\\/#organization\"},\"image\":{\"@id\":\"https:\\\/\\\/cvlogin.com\\\/info\\\/tr\\\/iyi-bir-ozgecmis-ne-uzunlukta-olmali\\\/#primaryimage\"},\"thumbnailUrl\":\"https:\\\/\\\/cvlogin.com\\\/info\\\/wp-content\\\/uploads\\\/2016\\\/02\\\/uzuncv.jpg\",\"articleSection\":[\"CV\"],\"inLanguage\":\"tr\",\"potentialAction\":[{\"@type\":\"CommentAction\",\"name\":\"Comment\",\"target\":[\"https:\\\/\\\/cvlogin.com\\\/info\\\/tr\\\/iyi-bir-ozgecmis-ne-uzunlukta-olmali\\\/#respond\"]}]},{\"@type\":\"WebPage\",\"@id\":\"https:\\\/\\\/cvlogin.com\\\/info\\\/tr\\\/iyi-bir-ozgecmis-ne-uzunlukta-olmali\\\/\",\"url\":\"https:\\\/\\\/cvlogin.com\\\/info\\\/tr\\\/iyi-bir-ozgecmis-ne-uzunlukta-olmali\\\/\",\"name\":\"\u0130yi bir CV (\u00f6zge\u00e7mi\u015f) ne uzunlukta olmal\u0131?\",\"isPartOf\":{\"@id\":\"https:\\\/\\\/cvlogin.com\\\/info\\\/#website\"},\"primaryImageOfPage\":{\"@id\":\"https:\\\/\\\/cvlogin.com\\\/info\\\/tr\\\/iyi-bir-ozgecmis-ne-uzunlukta-olmali\\\/#primaryimage\"},\"image\":{\"@id\":\"https:\\\/\\\/cvlogin.com\\\/info\\\/tr\\\/iyi-bir-ozgecmis-ne-uzunlukta-olmali\\\/#primaryimage\"},\"thumbnailUrl\":\"https:\\\/\\\/cvlogin.com\\\/info\\\/wp-content\\\/uploads\\\/2016\\\/02\\\/uzuncv.jpg\",\"datePublished\":\"2016-01-31T22:12:00+00:00\",\"dateModified\":\"2022-06-16T18:16:55+00:00\",\"description\":\"\u0130\u015f ba\u015fvurular\u0131n\u0131n olmazsa olmaz\u0131, hatta bir i\u015fte \u00e7al\u0131\u015f\u0131rken bile s\u00fcrekli g\u00fcncellenmesi, g\u00fcncel tutulmas\u0131 gereken bir \u015fey; \u00f6z ge\u00e7mi\u015f ya da pop\u00fcler ad\u0131yla CV. Peki nedir bu \u00f6z ge\u00e7mi\u015f, nas\u0131l haz\u0131rlan\u0131r, i\u00e7ine neler eklenir, ne kadar uzun olmal\u0131d\u0131r, giri\u015fi nas\u0131l olmal\u0131d\u0131r?\",\"breadcrumb\":{\"@id\":\"https:\\\/\\\/cvlogin.com\\\/info\\\/tr\\\/iyi-bir-ozgecmis-ne-uzunlukta-olmali\\\/#breadcrumb\"},\"inLanguage\":\"tr\",\"potentialAction\":[{\"@type\":\"ReadAction\",\"target\":[\"https:\\\/\\\/cvlogin.com\\\/info\\\/tr\\\/iyi-bir-ozgecmis-ne-uzunlukta-olmali\\\/\"]}]},{\"@type\":\"ImageObject\",\"inLanguage\":\"tr\",\"@id\":\"https:\\\/\\\/cvlogin.com\\\/info\\\/tr\\\/iyi-bir-ozgecmis-ne-uzunlukta-olmali\\\/#primaryimage\",\"url\":\"https:\\\/\\\/cvlogin.com\\\/info\\\/wp-content\\\/uploads\\\/2016\\\/02\\\/uzuncv.jpg\",\"contentUrl\":\"https:\\\/\\\/cvlogin.com\\\/info\\\/wp-content\\\/uploads\\\/2016\\\/02\\\/uzuncv.jpg\",\"width\":832,\"height\":468},{\"@type\":\"BreadcrumbList\",\"@id\":\"https:\\\/\\\/cvlogin.com\\\/info\\\/tr\\\/iyi-bir-ozgecmis-ne-uzunlukta-olmali\\\/#breadcrumb\",\"itemListElement\":[{\"@type\":\"ListItem\",\"position\":1,\"name\":\"Anasayfa\",\"item\":\"https:\\\/\\\/cvlogin.com\\\/info\\\/\"},{\"@type\":\"ListItem\",\"position\":2,\"name\":\"CV\",\"item\":\"https:\\\/\\\/cvlogin.com\\\/info\\\/tr\\\/cv\\\/\"},{\"@type\":\"ListItem\",\"position\":3,\"name\":\"\u0130yi bir CV (\u00f6zge\u00e7mi\u015f) ne uzunlukta olmal\u0131?\"}]},{\"@type\":\"WebSite\",\"@id\":\"https:\\\/\\\/cvlogin.com\\\/info\\\/#website\",\"url\":\"https:\\\/\\\/cvlogin.com\\\/info\\\/\",\"name\":\"CV Login Blog: Kariyer Rehberi\",\"description\":\"CV haz\u0131rlama, i\u015f g\u00f6r\u00fc\u015fmesi ve daha fazlas\u0131 hakk\u0131nda bilgi edinmek i\u00e7in en iyi yer.\",\"publisher\":{\"@id\":\"https:\\\/\\\/cvlogin.com\\\/info\\\/#organization\"},\"potentialAction\":[{\"@type\":\"SearchAction\",\"target\":{\"@type\":\"EntryPoint\",\"urlTemplate\":\"https:\\\/\\\/cvlogin.com\\\/info\\\/?s={search_term_string}\"},\"query-input\":{\"@type\":\"PropertyValueSpecification\",\"valueRequired\":true,\"valueName\":\"search_term_string\"}}],\"inLanguage\":\"tr\"},{\"@type\":\"Organization\",\"@id\":\"https:\\\/\\\/cvlogin.com\\\/info\\\/#organization\",\"name\":\"cvlogin\",\"alternateName\":\"cvlogin GmbH\",\"url\":\"https:\\\/\\\/cvlogin.com\\\/info\\\/\",\"logo\":{\"@type\":\"ImageObject\",\"inLanguage\":\"tr\",\"@id\":\"https:\\\/\\\/cvlogin.com\\\/info\\\/#\\\/schema\\\/logo\\\/image\\\/\",\"url\":\"http:\\\/\\\/cvlogin.com\\\/info\\\/wp-content\\\/uploads\\\/2022\\\/07\\\/HFrdHEXl_400x400.jpg\",\"contentUrl\":\"http:\\\/\\\/cvlogin.com\\\/info\\\/wp-content\\\/uploads\\\/2022\\\/07\\\/HFrdHEXl_400x400.jpg\",\"width\":240,\"height\":240,\"caption\":\"cvlogin\"},\"image\":{\"@id\":\"https:\\\/\\\/cvlogin.com\\\/info\\\/#\\\/schema\\\/logo\\\/image\\\/\"},\"sameAs\":[\"https:\\\/\\\/www.facebook.com\\\/cvlogin\",\"https:\\\/\\\/x.com\\\/cvlogincom\",\"https:\\\/\\\/www.instagram.com\\\/cvlogin\\\/\"]},{\"@type\":\"Person\",\"@id\":\"https:\\\/\\\/cvlogin.com\\\/info\\\/#\\\/schema\\\/person\\\/bf10e5a99dc8ed0982645be80c00cffb\",\"name\":\"Berna Ak\",\"image\":{\"@type\":\"ImageObject\",\"inLanguage\":\"tr\",\"@id\":\"https:\\\/\\\/cvlogin.com\\\/info\\\/wp-content\\\/uploads\\\/2023\\\/06\\\/avatar-150x150.jpg\",\"url\":\"https:\\\/\\\/cvlogin.com\\\/info\\\/wp-content\\\/uploads\\\/2023\\\/06\\\/avatar-150x150.jpg\",\"contentUrl\":\"https:\\\/\\\/cvlogin.com\\\/info\\\/wp-content\\\/uploads\\\/2023\\\/06\\\/avatar-150x150.jpg\",\"caption\":\"Berna Ak\"},\"url\":\"https:\\\/\\\/cvlogin.com\\\/info\\\/author\\\/admin\\\/\"}]}<\/script>\n<!-- \/ Yoast SEO Premium plugin. -->","yoast_head_json":{"title":"\u0130yi bir CV (\u00f6zge\u00e7mi\u015f) ne uzunlukta olmal\u0131?","description":"\u0130\u015f ba\u015fvurular\u0131n\u0131n olmazsa olmaz\u0131, hatta bir i\u015fte \u00e7al\u0131\u015f\u0131rken bile s\u00fcrekli g\u00fcncellenmesi, g\u00fcncel tutulmas\u0131 gereken bir \u015fey; \u00f6z ge\u00e7mi\u015f ya da pop\u00fcler ad\u0131yla CV. Peki nedir bu \u00f6z ge\u00e7mi\u015f, nas\u0131l haz\u0131rlan\u0131r, i\u00e7ine neler eklenir, ne kadar uzun olmal\u0131d\u0131r, giri\u015fi nas\u0131l olmal\u0131d\u0131r?","robots":{"index":"index","follow":"follow","max-snippet":"max-snippet:-1","max-image-preview":"max-image-preview:large","max-video-preview":"max-video-preview:-1"},"canonical":"https:\/\/cvlogin.com\/info\/tr\/iyi-bir-ozgecmis-ne-uzunlukta-olmali\/","og_locale":"tr_TR","og_type":"article","og_title":"\u0130yi bir CV (\u00f6zge\u00e7mi\u015f) ne uzunlukta olmal\u0131?","og_description":"\u0130\u015f ba\u015fvurular\u0131n\u0131n olmazsa olmaz\u0131, hatta bir i\u015fte \u00e7al\u0131\u015f\u0131rken bile s\u00fcrekli g\u00fcncellenmesi, g\u00fcncel tutulmas\u0131 gereken bir \u015fey; \u00f6z ge\u00e7mi\u015f ya da pop\u00fcler ad\u0131yla CV. Peki nedir bu \u00f6z ge\u00e7mi\u015f, nas\u0131l haz\u0131rlan\u0131r, i\u00e7ine neler eklenir, ne kadar uzun olmal\u0131d\u0131r, giri\u015fi nas\u0131l olmal\u0131d\u0131r?","og_url":"https:\/\/cvlogin.com\/info\/tr\/iyi-bir-ozgecmis-ne-uzunlukta-olmali\/","og_site_name":"CV Login Blog: Kariyer Rehberi","article_publisher":"https:\/\/www.facebook.com\/cvlogin","article_published_time":"2016-01-31T22:12:00+00:00","article_modified_time":"2022-06-16T18:16:55+00:00","og_image":[{"width":832,"height":468,"url":"https:\/\/cvlogin.com\/info\/wp-content\/uploads\/2016\/02\/uzuncv.jpg","type":"image\/jpeg"}],"author":"Berna Ak","twitter_card":"summary_large_image","twitter_creator":"@cvlogincom","twitter_site":"@cvlogincom","twitter_misc":{"Yazan:":"Berna Ak","Tahmini okuma s\u00fcresi":"3 dakika"},"schema":{"@context":"https:\/\/schema.org","@graph":[{"@type":"Article","@id":"https:\/\/cvlogin.com\/info\/tr\/iyi-bir-ozgecmis-ne-uzunlukta-olmali\/#article","isPartOf":{"@id":"https:\/\/cvlogin.com\/info\/tr\/iyi-bir-ozgecmis-ne-uzunlukta-olmali\/"},"author":{"name":"Berna Ak","@id":"https:\/\/cvlogin.com\/info\/#\/schema\/person\/bf10e5a99dc8ed0982645be80c00cffb"},"headline":"\u0130yi bir CV (\u00f6zge\u00e7mi\u015f) ne uzunlukta olmal\u0131?","datePublished":"2016-01-31T22:12:00+00:00","dateModified":"2022-06-16T18:16:55+00:00","mainEntityOfPage":{"@id":"https:\/\/cvlogin.com\/info\/tr\/iyi-bir-ozgecmis-ne-uzunlukta-olmali\/"},"wordCount":622,"commentCount":0,"publisher":{"@id":"https:\/\/cvlogin.com\/info\/#organization"},"image":{"@id":"https:\/\/cvlogin.com\/info\/tr\/iyi-bir-ozgecmis-ne-uzunlukta-olmali\/#primaryimage"},"thumbnailUrl":"https:\/\/cvlogin.com\/info\/wp-content\/uploads\/2016\/02\/uzuncv.jpg","articleSection":["CV"],"inLanguage":"tr","potentialAction":[{"@type":"CommentAction","name":"Comment","target":["https:\/\/cvlogin.com\/info\/tr\/iyi-bir-ozgecmis-ne-uzunlukta-olmali\/#respond"]}]},{"@type":"WebPage","@id":"https:\/\/cvlogin.com\/info\/tr\/iyi-bir-ozgecmis-ne-uzunlukta-olmali\/","url":"https:\/\/cvlogin.com\/info\/tr\/iyi-bir-ozgecmis-ne-uzunlukta-olmali\/","name":"\u0130yi bir CV (\u00f6zge\u00e7mi\u015f) ne uzunlukta olmal\u0131?","isPartOf":{"@id":"https:\/\/cvlogin.com\/info\/#website"},"primaryImageOfPage":{"@id":"https:\/\/cvlogin.com\/info\/tr\/iyi-bir-ozgecmis-ne-uzunlukta-olmali\/#primaryimage"},"image":{"@id":"https:\/\/cvlogin.com\/info\/tr\/iyi-bir-ozgecmis-ne-uzunlukta-olmali\/#primaryimage"},"thumbnailUrl":"https:\/\/cvlogin.com\/info\/wp-content\/uploads\/2016\/02\/uzuncv.jpg","datePublished":"2016-01-31T22:12:00+00:00","dateModified":"2022-06-16T18:16:55+00:00","description":"\u0130\u015f ba\u015fvurular\u0131n\u0131n olmazsa olmaz\u0131, hatta bir i\u015fte \u00e7al\u0131\u015f\u0131rken bile s\u00fcrekli g\u00fcncellenmesi, g\u00fcncel tutulmas\u0131 gereken bir \u015fey; \u00f6z ge\u00e7mi\u015f ya da pop\u00fcler ad\u0131yla CV. Peki nedir bu \u00f6z ge\u00e7mi\u015f, nas\u0131l haz\u0131rlan\u0131r, i\u00e7ine neler eklenir, ne kadar uzun olmal\u0131d\u0131r, giri\u015fi nas\u0131l olmal\u0131d\u0131r?","breadcrumb":{"@id":"https:\/\/cvlogin.com\/info\/tr\/iyi-bir-ozgecmis-ne-uzunlukta-olmali\/#breadcrumb"},"inLanguage":"tr","potentialAction":[{"@type":"ReadAction","target":["https:\/\/cvlogin.com\/info\/tr\/iyi-bir-ozgecmis-ne-uzunlukta-olmali\/"]}]},{"@type":"ImageObject","inLanguage":"tr","@id":"https:\/\/cvlogin.com\/info\/tr\/iyi-bir-ozgecmis-ne-uzunlukta-olmali\/#primaryimage","url":"https:\/\/cvlogin.com\/info\/wp-content\/uploads\/2016\/02\/uzuncv.jpg","contentUrl":"https:\/\/cvlogin.com\/info\/wp-content\/uploads\/2016\/02\/uzuncv.jpg","width":832,"height":468},{"@type":"BreadcrumbList","@id":"https:\/\/cvlogin.com\/info\/tr\/iyi-bir-ozgecmis-ne-uzunlukta-olmali\/#breadcrumb","itemListElement":[{"@type":"ListItem","position":1,"name":"Anasayfa","item":"https:\/\/cvlogin.com\/info\/"},{"@type":"ListItem","position":2,"name":"CV","item":"https:\/\/cvlogin.com\/info\/tr\/cv\/"},{"@type":"ListItem","position":3,"name":"\u0130yi bir CV (\u00f6zge\u00e7mi\u015f) ne uzunlukta olmal\u0131?"}]},{"@type":"WebSite","@id":"https:\/\/cvlogin.com\/info\/#website","url":"https:\/\/cvlogin.com\/info\/","name":"CV Login Blog: Kariyer Rehberi","description":"CV haz\u0131rlama, i\u015f g\u00f6r\u00fc\u015fmesi ve daha fazlas\u0131 hakk\u0131nda bilgi edinmek i\u00e7in en iyi yer.","publisher":{"@id":"https:\/\/cvlogin.com\/info\/#organization"},"potentialAction":[{"@type":"SearchAction","target":{"@type":"EntryPoint","urlTemplate":"https:\/\/cvlogin.com\/info\/?s={search_term_string}"},"query-input":{"@type":"PropertyValueSpecification","valueRequired":true,"valueName":"search_term_string"}}],"inLanguage":"tr"},{"@type":"Organization","@id":"https:\/\/cvlogin.com\/info\/#organization","name":"cvlogin","alternateName":"cvlogin GmbH","url":"https:\/\/cvlogin.com\/info\/","logo":{"@type":"ImageObject","inLanguage":"tr","@id":"https:\/\/cvlogin.com\/info\/#\/schema\/logo\/image\/","url":"http:\/\/cvlogin.com\/info\/wp-content\/uploads\/2022\/07\/HFrdHEXl_400x400.jpg","contentUrl":"http:\/\/cvlogin.com\/info\/wp-content\/uploads\/2022\/07\/HFrdHEXl_400x400.jpg","width":240,"height":240,"caption":"cvlogin"},"image":{"@id":"https:\/\/cvlogin.com\/info\/#\/schema\/logo\/image\/"},"sameAs":["https:\/\/www.facebook.com\/cvlogin","https:\/\/x.com\/cvlogincom","https:\/\/www.instagram.com\/cvlogin\/"]},{"@type":"Person","@id":"https:\/\/cvlogin.com\/info\/#\/schema\/person\/bf10e5a99dc8ed0982645be80c00cffb","name":"Berna Ak","image":{"@type":"ImageObject","inLanguage":"tr","@id":"https:\/\/cvlogin.com\/info\/wp-content\/uploads\/2023\/06\/avatar-150x150.jpg","url":"https:\/\/cvlogin.com\/info\/wp-content\/uploads\/2023\/06\/avatar-150x150.jpg","contentUrl":"https:\/\/cvlogin.com\/info\/wp-content\/uploads\/2023\/06\/avatar-150x150.jpg","caption":"Berna Ak"},"url":"https:\/\/cvlogin.com\/info\/author\/admin\/"}]}},"_links":{"self":[{"href":"https:\/\/cvlogin.com\/info\/wp-json\/wp\/v2\/posts\/356","targetHints":{"allow":["GET"]}}],"collection":[{"href":"https:\/\/cvlogin.com\/info\/wp-json\/wp\/v2\/posts"}],"about":[{"href":"https:\/\/cvlogin.com\/info\/wp-json\/wp\/v2\/types\/post"}],"author":[{"embeddable":true,"href":"https:\/\/cvlogin.com\/info\/wp-json\/wp\/v2\/users\/1"}],"replies":[{"embeddable":true,"href":"https:\/\/cvlogin.com\/info\/wp-json\/wp\/v2\/comments?post=356"}],"version-history":[{"count":11,"href":"https:\/\/cvlogin.com\/info\/wp-json\/wp\/v2\/posts\/356\/revisions"}],"predecessor-version":[{"id":4494,"href":"https:\/\/cvlogin.com\/info\/wp-json\/wp\/v2\/posts\/356\/revisions\/4494"}],"wp:featuredmedia":[{"embeddable":true,"href":"https:\/\/cvlogin.com\/info\/wp-json\/wp\/v2\/media\/357"}],"wp:attachment":[{"href":"https:\/\/cvlogin.com\/info\/wp-json\/wp\/v2\/media?parent=356"}],"wp:term":[{"taxonomy":"category","embeddable":true,"href":"https:\/\/cvlogin.com\/info\/wp-json\/wp\/v2\/categories?post=356"},{"taxonomy":"post_tag","embeddable":true,"href":"https:\/\/cvlogin.com\/info\/wp-json\/wp\/v2\/tags?post=356"}],"curies":[{"name":"wp","href":"https:\/\/api.w.org\/{rel}","templated":true}]}}