{"id":293,"date":"2016-01-29T15:24:37","date_gmt":"2016-01-29T13:24:37","guid":{"rendered":"http:\/\/blog.cvyaz.com\/?p=293"},"modified":"2022-06-16T21:21:30","modified_gmt":"2022-06-16T18:21:30","slug":"dogru-cv-fotografi-nasil-olur","status":"publish","type":"post","link":"https:\/\/cvlogin.com\/info\/tr\/dogru-cv-fotografi-nasil-olur\/","title":{"rendered":"Do\u011fru CV Foto\u011fraf\u0131 nas\u0131l olur?"},"content":{"rendered":"<p><img fetchpriority=\"high\" decoding=\"async\" class=\"alignnone wp-image-296 size-full\" src=\"https:\/\/cms.cvlogin.com\/info\/wp-content\/uploads\/2016\/01\/cv_resmi.jpg\" alt=\"cv_resmi\" width=\"996\" height=\"369\" srcset=\"https:\/\/cvlogin.com\/info\/wp-content\/uploads\/2016\/01\/cv_resmi.jpg 996w, https:\/\/cvlogin.com\/info\/wp-content\/uploads\/2016\/01\/cv_resmi-300x111.jpg 300w, https:\/\/cvlogin.com\/info\/wp-content\/uploads\/2016\/01\/cv_resmi-768x285.jpg 768w\" sizes=\"(max-width: 996px) 100vw, 996px\" \/><\/p>\n<p>CV\u2019ler sizleri en iyi tan\u0131tan formlar olarak ifade edilebilir. \u00d6zge\u00e7mi\u015finizin ve \u00e7e\u015fitli tecr\u00fcbelerinizin i\u00e7inde yer ald\u0131\u011f\u0131 bu formda kendinizi daha iyi ifade edebilmek ad\u0131na foto\u011fraf kullanman\u0131z olduk\u00e7a yerinde bir karar olacakt\u0131r. \u00c7\u00fcnk\u00fc yap\u0131lan ara\u015ft\u0131rmalara g\u00f6re <strong>foto\u011frafl\u0131 CV<\/strong> \u00f6rnekleri i\u015f verenler ve insan kaynaklar\u0131 personelleri taraf\u0131ndan oldu\u011fundan daha fazla dikkate al\u0131nmaktad\u0131r.<\/p>\n<p>\u0130\u015f veren \u00fczerinde en do\u011fru etkiyi yaratabilmek ad\u0131na foto\u011fraflar\u0131n\u0131z\u0131 <a href=\"http:\/\/blog.cvlogin.com\/cv-ornekleri\/\" target=\"_blank\" rel=\"noopener\">CV \u00f6rneklerinize<\/a> eklemenizde fayda olaca\u011f\u0131n\u0131 unutmamal\u0131s\u0131n\u0131z. Peki bu noktada ak\u0131llara tak\u0131lan bir soru \u201c<strong>CV foto\u011fraf\u0131 nas\u0131l olmal\u0131<\/strong>\u201d, bu sorunun cevab\u0131n\u0131 yaz\u0131m\u0131z\u0131n devam\u0131nda bulabilirsiniz.<\/p>\n<div id=\"attachment_300\" style=\"width: 690px\" class=\"wp-caption alignnone\"><img decoding=\"async\" aria-describedby=\"caption-attachment-300\" class=\"wp-image-300 size-large\" src=\"https:\/\/cms.cvlogin.com\/info\/wp-content\/uploads\/2016\/01\/cv_resim-1024x576.jpg\" alt=\"cv_resim\" width=\"680\" height=\"383\" srcset=\"https:\/\/cvlogin.com\/info\/wp-content\/uploads\/2016\/01\/cv_resim-1024x576.jpg 1024w, https:\/\/cvlogin.com\/info\/wp-content\/uploads\/2016\/01\/cv_resim-300x169.jpg 300w, https:\/\/cvlogin.com\/info\/wp-content\/uploads\/2016\/01\/cv_resim-768x432.jpg 768w, https:\/\/cvlogin.com\/info\/wp-content\/uploads\/2016\/01\/cv_resim.jpg 1200w\" sizes=\"(max-width: 680px) 100vw, 680px\" \/><p id=\"caption-attachment-300\" class=\"wp-caption-text\">Foto: <a href=\"http:\/\/www.STARMAZING.de\" rel=\"nofollow noopener\" target=\"_blank\">www.STARMAZING.de <\/a><\/p><\/div>\n<h2>Ki\u015fisel Bak\u0131ma \u00d6zen G\u00f6sterilmeli<\/h2>\n<p><strong>Foto\u011fraf\u0131n\u0131z sizleri temsil etmektedir<\/strong>. Bu nedenle \u00f6nemi olduk\u00e7a b\u00fcy\u00fckt\u00fcr. <strong>Ki\u015fisel bak\u0131m\u0131n\u0131za<\/strong> \u00f6zen g\u00f6sterdi\u011finiz bir foto\u011fraf\u0131n kullan\u0131lmas\u0131 avantaj sa\u011flayacakt\u0131r. Erkek adaylar i\u00e7in sa\u00e7 ve sakal t\u0131ra\u015f\u0131na dikkat edilmesi, d\u00fczenlilik ve disiplini ifade etmektedir. Bayan adaylar\u0131n sa\u00e7lar\u0131n\u0131 yapmas\u0131 ve makyaj\u0131na dikkat etmesi \u00f6nemli unsurlar aras\u0131nda yer almaktad\u0131r.<\/p>\n<h2>Vesikal\u0131k Foto\u011fraf \u00d6l\u00e7\u00fcleri<\/h2>\n<p>CV foto\u011fraflar\u0131nda kullan\u0131lacak olan \u00f6l\u00e7\u00fcler genellikle vesikal\u0131k foto\u011fraflarla ayn\u0131 \u00f6l\u00e7\u00fclerdir. Bu nedenle foto\u011fraf se\u00e7imlerinizde <strong>vesikal\u0131k foto\u011fraf<\/strong> boyutlar\u0131n\u0131 ciddiye almal\u0131s\u0131n\u0131z.<\/p>\n<h2>Arka Fon<\/h2>\n<p>Vesikal\u0131k foto\u011fraflarda kullan\u0131lacak <strong>arka fon<\/strong> sizleri do\u011fru ifade etmelidir. Ayn\u0131 zamanda psikolojik alg\u0131 unsurlar\u0131n\u0131 da dikkate almal\u0131s\u0131n\u0131z. Yani siyah arka fon karamsarl\u0131\u011f\u0131 ifade etmeye neden olabilir, bu da sizlerin yanl\u0131\u015f anla\u015f\u0131lmas\u0131na neden olur. Sar\u0131 arka fon ise resmi bir i\u015f g\u00f6r\u00fc\u015fmesi i\u00e7in gerekli seviyede olmamaktad\u0131r. Bu nedenle arka fonu i\u015f g\u00f6r\u00fc\u015fmesinin a\u011f\u0131rl\u0131\u011f\u0131n\u0131 yans\u0131tacak bir renk olarak se\u00e7menizde fayda var. G\u00f6l manzaras\u0131 gibi resimlerin bulundu\u011fu arka fonlardan ise uzak durmal\u0131s\u0131n\u0131z.<\/p>\n<h2>\u0130fade<\/h2>\n<p>CV foto\u011fraf\u0131nda yans\u0131taca\u011f\u0131n\u0131z<strong> ifade<\/strong> olduk\u00e7a \u00f6nemlidir. Somurtan bir y\u00fcz ile kendinizi ne kadar do\u011fru ifade edebilirsiniz, yada tam tersine s\u0131r\u0131tan bir y\u00fcz sizleri do\u011fru olarak tan\u0131tabilir mi? Bunlar\u0131 d\u00fc\u015f\u00fcnd\u00fc\u011f\u00fcn\u00fczde en do\u011fru ifadeyi yans\u0131tman\u0131z gerekti\u011fini unutmamal\u0131s\u0131n\u0131z. \u0130\u015f g\u00f6r\u00fc\u015fmesinin gerektirdi\u011fi ciddiyeti \u00f6zellikleri aras\u0131nda ta\u015f\u0131mal\u0131 ayn\u0131 zamanda ki\u015fili\u011finizden izler ta\u015f\u0131mal\u0131d\u0131r.<\/p>\n<h2>Poz<\/h2>\n<p>Vesikal\u0131k foto\u011fraflarda <strong>poz verme<\/strong> imkan\u0131 olduk\u00e7a azd\u0131r. Bu nedenle kameraya do\u011fru a\u00e7\u0131dan bakmak veya foto\u011fraf\u00e7\u0131n\u0131z\u0131n direktifleri do\u011frultusunda bir bak\u0131\u015f kullanmak \u00f6nemlidir. Fakat bu bak\u0131\u015f esnas\u0131nda uzaklara dal\u0131p giden bir insan\u0131 anlatmak yerine, i\u015f g\u00f6r\u00fc\u015fmesine geldi\u011finin fark\u0131nda olan bir bak\u0131\u015f kullanmak yerinde olacakt\u0131r.<\/p>\n<h2>K\u0131yafet Se\u00e7imi<\/h2>\n<p>CV foto\u011fraflar\u0131nda <strong>k\u0131yafet se\u00e7imi<\/strong> olduk\u00e7a \u00f6nemlidir. Erkek adaylara tavsiyemiz g\u00f6mlek ve kravat kullanmalar\u0131 y\u00f6n\u00fcndedir. Ekstra olarak ceket tercih etmeleri daha da olumlu bir hava katacakt\u0131r. Bayan adaylar\u0131n da tak\u0131m elbise veya tak\u0131m elbiseye benzeyen \u00f6zelliklerdeki bir k\u0131yafeti tercih etmeleri bir ad\u0131m \u00f6ne ge\u00e7melerini sa\u011flayacakt\u0131r. K\u0131yafet se\u00e7imlerinizde ti\u015f\u00f6rt kullanman\u0131z i\u015f d\u00fcnyas\u0131n\u0131n a\u011f\u0131rl\u0131\u011f\u0131n\u0131 kald\u0131ramamaktad\u0131r. Ayn\u0131 zamanda c\u0131v\u0131l c\u0131v\u0131l renklerden olu\u015fan k\u0131yafetler i\u015f d\u00fcnyas\u0131n\u0131n hedefledi\u011fi \u00e7izgiye uygun olmamaktad\u0131r. Bu k\u0131yafetleri i\u015fe kabul\u00fcn\u00fcz\u00fcn ard\u0131ndan firman\u0131z\u0131n \u00e7al\u0131\u015fma ortam\u0131na uygun olmas\u0131 halinde zaten kullanabilirsiniz. Fakat insanlar\u0131n sizleri tan\u0131madan resmi bir ortamda b\u00f6yle bir <strong>k\u0131yafet tercihi<\/strong> pek olumlu kar\u015f\u0131lanmayacakt\u0131r.<\/p>\n","protected":false},"excerpt":{"rendered":"<p>CV\u2019ler sizleri en iyi tan\u0131tan formlar olarak ifade edilebilir. \u00d6zge\u00e7mi\u015finizin ve \u00e7e\u015fitli tecr\u00fcbelerinizin i\u00e7inde yer ald\u0131\u011f\u0131 bu formda kendinizi daha iyi ifade edebilmek ad\u0131na foto\u011fraf kullanman\u0131z olduk\u00e7a yerinde bir karar olacakt\u0131r.<\/p>\n","protected":false},"author":1,"featured_media":300,"comment_status":"open","ping_status":"open","sticky":false,"template":"","format":"standard","meta":{"_acf_changed":false,"_lmt_disableupdate":"","_lmt_disable":"","footnotes":""},"categories":[4],"tags":[],"class_list":["post-293","post","type-post","status-publish","format-standard","has-post-thumbnail","hentry","category-cv"],"acf":[],"yoast_head":"<!-- This site is optimized with the Yoast SEO Premium plugin v21.4 (Yoast SEO v27.5) - https:\/\/yoast.com\/product\/yoast-seo-premium-wordpress\/ -->\n<title>Do\u011fru CV Foto\u011fraf\u0131 nas\u0131l olur?<\/title>\n<meta name=\"description\" content=\"CV\u2019ler sizleri en iyi tan\u0131tan formlar olarak ifade edilebilir. \u00d6zge\u00e7mi\u015finizin ve \u00e7e\u015fitli tecr\u00fcbelerinizin i\u00e7inde yer ald\u0131\u011f\u0131 bu formda kendinizi daha iyi ifade edebilmek ad\u0131na foto\u011fraf kullanman\u0131z olduk\u00e7a yerinde bir karar olacakt\u0131r.\" \/>\n<meta name=\"robots\" content=\"index, follow, max-snippet:-1, max-image-preview:large, max-video-preview:-1\" \/>\n<link rel=\"canonical\" href=\"https:\/\/cvlogin.com\/info\/tr\/dogru-cv-fotografi-nasil-olur\/\" \/>\n<meta property=\"og:locale\" content=\"tr_TR\" \/>\n<meta property=\"og:type\" content=\"article\" \/>\n<meta property=\"og:title\" content=\"Do\u011fru CV Foto\u011fraf\u0131 nas\u0131l olur?\" \/>\n<meta property=\"og:description\" content=\"CV\u2019ler sizleri en iyi tan\u0131tan formlar olarak ifade edilebilir. \u00d6zge\u00e7mi\u015finizin ve \u00e7e\u015fitli tecr\u00fcbelerinizin i\u00e7inde yer ald\u0131\u011f\u0131 bu formda kendinizi daha iyi ifade edebilmek ad\u0131na foto\u011fraf kullanman\u0131z olduk\u00e7a yerinde bir karar olacakt\u0131r.\" \/>\n<meta property=\"og:url\" content=\"https:\/\/cvlogin.com\/info\/tr\/dogru-cv-fotografi-nasil-olur\/\" \/>\n<meta property=\"og:site_name\" content=\"CV Login Blog: Kariyer Rehberi\" \/>\n<meta property=\"article:publisher\" content=\"https:\/\/www.facebook.com\/cvlogin\" \/>\n<meta property=\"article:published_time\" content=\"2016-01-29T13:24:37+00:00\" \/>\n<meta property=\"article:modified_time\" content=\"2022-06-16T18:21:30+00:00\" \/>\n<meta property=\"og:image\" content=\"https:\/\/cvlogin.com\/info\/wp-content\/uploads\/2016\/01\/cv_resim.jpg\" \/>\n\t<meta property=\"og:image:width\" content=\"1200\" \/>\n\t<meta property=\"og:image:height\" content=\"675\" \/>\n\t<meta property=\"og:image:type\" content=\"image\/jpeg\" \/>\n<meta name=\"author\" content=\"Berna Ak\" \/>\n<meta name=\"twitter:card\" content=\"summary_large_image\" \/>\n<meta name=\"twitter:creator\" content=\"@cvlogincom\" \/>\n<meta name=\"twitter:site\" content=\"@cvlogincom\" \/>\n<meta name=\"twitter:label1\" content=\"Yazan:\" \/>\n\t<meta name=\"twitter:data1\" content=\"Berna Ak\" \/>\n\t<meta name=\"twitter:label2\" content=\"Tahmini okuma s\u00fcresi\" \/>\n\t<meta name=\"twitter:data2\" content=\"3 dakika\" \/>\n<script type=\"application\/ld+json\" class=\"yoast-schema-graph\">{\"@context\":\"https:\\\/\\\/schema.org\",\"@graph\":[{\"@type\":\"Article\",\"@id\":\"https:\\\/\\\/cvlogin.com\\\/info\\\/tr\\\/dogru-cv-fotografi-nasil-olur\\\/#article\",\"isPartOf\":{\"@id\":\"https:\\\/\\\/cvlogin.com\\\/info\\\/tr\\\/dogru-cv-fotografi-nasil-olur\\\/\"},\"author\":{\"name\":\"Berna Ak\",\"@id\":\"https:\\\/\\\/cvlogin.com\\\/info\\\/#\\\/schema\\\/person\\\/bf10e5a99dc8ed0982645be80c00cffb\"},\"headline\":\"Do\u011fru CV Foto\u011fraf\u0131 nas\u0131l olur?\",\"datePublished\":\"2016-01-29T13:24:37+00:00\",\"dateModified\":\"2022-06-16T18:21:30+00:00\",\"mainEntityOfPage\":{\"@id\":\"https:\\\/\\\/cvlogin.com\\\/info\\\/tr\\\/dogru-cv-fotografi-nasil-olur\\\/\"},\"wordCount\":647,\"commentCount\":0,\"publisher\":{\"@id\":\"https:\\\/\\\/cvlogin.com\\\/info\\\/#organization\"},\"image\":{\"@id\":\"https:\\\/\\\/cvlogin.com\\\/info\\\/tr\\\/dogru-cv-fotografi-nasil-olur\\\/#primaryimage\"},\"thumbnailUrl\":\"https:\\\/\\\/cvlogin.com\\\/info\\\/wp-content\\\/uploads\\\/2016\\\/01\\\/cv_resim.jpg\",\"articleSection\":[\"CV\"],\"inLanguage\":\"tr\",\"potentialAction\":[{\"@type\":\"CommentAction\",\"name\":\"Comment\",\"target\":[\"https:\\\/\\\/cvlogin.com\\\/info\\\/tr\\\/dogru-cv-fotografi-nasil-olur\\\/#respond\"]}]},{\"@type\":\"WebPage\",\"@id\":\"https:\\\/\\\/cvlogin.com\\\/info\\\/tr\\\/dogru-cv-fotografi-nasil-olur\\\/\",\"url\":\"https:\\\/\\\/cvlogin.com\\\/info\\\/tr\\\/dogru-cv-fotografi-nasil-olur\\\/\",\"name\":\"Do\u011fru CV Foto\u011fraf\u0131 nas\u0131l olur?\",\"isPartOf\":{\"@id\":\"https:\\\/\\\/cvlogin.com\\\/info\\\/#website\"},\"primaryImageOfPage\":{\"@id\":\"https:\\\/\\\/cvlogin.com\\\/info\\\/tr\\\/dogru-cv-fotografi-nasil-olur\\\/#primaryimage\"},\"image\":{\"@id\":\"https:\\\/\\\/cvlogin.com\\\/info\\\/tr\\\/dogru-cv-fotografi-nasil-olur\\\/#primaryimage\"},\"thumbnailUrl\":\"https:\\\/\\\/cvlogin.com\\\/info\\\/wp-content\\\/uploads\\\/2016\\\/01\\\/cv_resim.jpg\",\"datePublished\":\"2016-01-29T13:24:37+00:00\",\"dateModified\":\"2022-06-16T18:21:30+00:00\",\"description\":\"CV\u2019ler sizleri en iyi tan\u0131tan formlar olarak ifade edilebilir. \u00d6zge\u00e7mi\u015finizin ve \u00e7e\u015fitli tecr\u00fcbelerinizin i\u00e7inde yer ald\u0131\u011f\u0131 bu formda kendinizi daha iyi ifade edebilmek ad\u0131na foto\u011fraf kullanman\u0131z olduk\u00e7a yerinde bir karar olacakt\u0131r.\",\"breadcrumb\":{\"@id\":\"https:\\\/\\\/cvlogin.com\\\/info\\\/tr\\\/dogru-cv-fotografi-nasil-olur\\\/#breadcrumb\"},\"inLanguage\":\"tr\",\"potentialAction\":[{\"@type\":\"ReadAction\",\"target\":[\"https:\\\/\\\/cvlogin.com\\\/info\\\/tr\\\/dogru-cv-fotografi-nasil-olur\\\/\"]}]},{\"@type\":\"ImageObject\",\"inLanguage\":\"tr\",\"@id\":\"https:\\\/\\\/cvlogin.com\\\/info\\\/tr\\\/dogru-cv-fotografi-nasil-olur\\\/#primaryimage\",\"url\":\"https:\\\/\\\/cvlogin.com\\\/info\\\/wp-content\\\/uploads\\\/2016\\\/01\\\/cv_resim.jpg\",\"contentUrl\":\"https:\\\/\\\/cvlogin.com\\\/info\\\/wp-content\\\/uploads\\\/2016\\\/01\\\/cv_resim.jpg\",\"width\":1200,\"height\":675,\"caption\":\"Foto: www.STARMAZING.de\"},{\"@type\":\"BreadcrumbList\",\"@id\":\"https:\\\/\\\/cvlogin.com\\\/info\\\/tr\\\/dogru-cv-fotografi-nasil-olur\\\/#breadcrumb\",\"itemListElement\":[{\"@type\":\"ListItem\",\"position\":1,\"name\":\"Anasayfa\",\"item\":\"https:\\\/\\\/cvlogin.com\\\/info\\\/\"},{\"@type\":\"ListItem\",\"position\":2,\"name\":\"CV\",\"item\":\"https:\\\/\\\/cvlogin.com\\\/info\\\/tr\\\/cv\\\/\"},{\"@type\":\"ListItem\",\"position\":3,\"name\":\"Do\u011fru CV Foto\u011fraf\u0131 nas\u0131l olur?\"}]},{\"@type\":\"WebSite\",\"@id\":\"https:\\\/\\\/cvlogin.com\\\/info\\\/#website\",\"url\":\"https:\\\/\\\/cvlogin.com\\\/info\\\/\",\"name\":\"CV Login Blog: Kariyer Rehberi\",\"description\":\"CV haz\u0131rlama, i\u015f g\u00f6r\u00fc\u015fmesi ve daha fazlas\u0131 hakk\u0131nda bilgi edinmek i\u00e7in en iyi yer.\",\"publisher\":{\"@id\":\"https:\\\/\\\/cvlogin.com\\\/info\\\/#organization\"},\"potentialAction\":[{\"@type\":\"SearchAction\",\"target\":{\"@type\":\"EntryPoint\",\"urlTemplate\":\"https:\\\/\\\/cvlogin.com\\\/info\\\/?s={search_term_string}\"},\"query-input\":{\"@type\":\"PropertyValueSpecification\",\"valueRequired\":true,\"valueName\":\"search_term_string\"}}],\"inLanguage\":\"tr\"},{\"@type\":\"Organization\",\"@id\":\"https:\\\/\\\/cvlogin.com\\\/info\\\/#organization\",\"name\":\"cvlogin\",\"alternateName\":\"cvlogin GmbH\",\"url\":\"https:\\\/\\\/cvlogin.com\\\/info\\\/\",\"logo\":{\"@type\":\"ImageObject\",\"inLanguage\":\"tr\",\"@id\":\"https:\\\/\\\/cvlogin.com\\\/info\\\/#\\\/schema\\\/logo\\\/image\\\/\",\"url\":\"http:\\\/\\\/cvlogin.com\\\/info\\\/wp-content\\\/uploads\\\/2022\\\/07\\\/HFrdHEXl_400x400.jpg\",\"contentUrl\":\"http:\\\/\\\/cvlogin.com\\\/info\\\/wp-content\\\/uploads\\\/2022\\\/07\\\/HFrdHEXl_400x400.jpg\",\"width\":240,\"height\":240,\"caption\":\"cvlogin\"},\"image\":{\"@id\":\"https:\\\/\\\/cvlogin.com\\\/info\\\/#\\\/schema\\\/logo\\\/image\\\/\"},\"sameAs\":[\"https:\\\/\\\/www.facebook.com\\\/cvlogin\",\"https:\\\/\\\/x.com\\\/cvlogincom\",\"https:\\\/\\\/www.instagram.com\\\/cvlogin\\\/\"]},{\"@type\":\"Person\",\"@id\":\"https:\\\/\\\/cvlogin.com\\\/info\\\/#\\\/schema\\\/person\\\/bf10e5a99dc8ed0982645be80c00cffb\",\"name\":\"Berna Ak\",\"image\":{\"@type\":\"ImageObject\",\"inLanguage\":\"tr\",\"@id\":\"https:\\\/\\\/cvlogin.com\\\/info\\\/wp-content\\\/uploads\\\/2023\\\/06\\\/avatar-150x150.jpg\",\"url\":\"https:\\\/\\\/cvlogin.com\\\/info\\\/wp-content\\\/uploads\\\/2023\\\/06\\\/avatar-150x150.jpg\",\"contentUrl\":\"https:\\\/\\\/cvlogin.com\\\/info\\\/wp-content\\\/uploads\\\/2023\\\/06\\\/avatar-150x150.jpg\",\"caption\":\"Berna Ak\"},\"url\":\"https:\\\/\\\/cvlogin.com\\\/info\\\/author\\\/admin\\\/\"}]}<\/script>\n<!-- \/ Yoast SEO Premium plugin. -->","yoast_head_json":{"title":"Do\u011fru CV Foto\u011fraf\u0131 nas\u0131l olur?","description":"CV\u2019ler sizleri en iyi tan\u0131tan formlar olarak ifade edilebilir. \u00d6zge\u00e7mi\u015finizin ve \u00e7e\u015fitli tecr\u00fcbelerinizin i\u00e7inde yer ald\u0131\u011f\u0131 bu formda kendinizi daha iyi ifade edebilmek ad\u0131na foto\u011fraf kullanman\u0131z olduk\u00e7a yerinde bir karar olacakt\u0131r.","robots":{"index":"index","follow":"follow","max-snippet":"max-snippet:-1","max-image-preview":"max-image-preview:large","max-video-preview":"max-video-preview:-1"},"canonical":"https:\/\/cvlogin.com\/info\/tr\/dogru-cv-fotografi-nasil-olur\/","og_locale":"tr_TR","og_type":"article","og_title":"Do\u011fru CV Foto\u011fraf\u0131 nas\u0131l olur?","og_description":"CV\u2019ler sizleri en iyi tan\u0131tan formlar olarak ifade edilebilir. \u00d6zge\u00e7mi\u015finizin ve \u00e7e\u015fitli tecr\u00fcbelerinizin i\u00e7inde yer ald\u0131\u011f\u0131 bu formda kendinizi daha iyi ifade edebilmek ad\u0131na foto\u011fraf kullanman\u0131z olduk\u00e7a yerinde bir karar olacakt\u0131r.","og_url":"https:\/\/cvlogin.com\/info\/tr\/dogru-cv-fotografi-nasil-olur\/","og_site_name":"CV Login Blog: Kariyer Rehberi","article_publisher":"https:\/\/www.facebook.com\/cvlogin","article_published_time":"2016-01-29T13:24:37+00:00","article_modified_time":"2022-06-16T18:21:30+00:00","og_image":[{"width":1200,"height":675,"url":"https:\/\/cvlogin.com\/info\/wp-content\/uploads\/2016\/01\/cv_resim.jpg","type":"image\/jpeg"}],"author":"Berna Ak","twitter_card":"summary_large_image","twitter_creator":"@cvlogincom","twitter_site":"@cvlogincom","twitter_misc":{"Yazan:":"Berna Ak","Tahmini okuma s\u00fcresi":"3 dakika"},"schema":{"@context":"https:\/\/schema.org","@graph":[{"@type":"Article","@id":"https:\/\/cvlogin.com\/info\/tr\/dogru-cv-fotografi-nasil-olur\/#article","isPartOf":{"@id":"https:\/\/cvlogin.com\/info\/tr\/dogru-cv-fotografi-nasil-olur\/"},"author":{"name":"Berna Ak","@id":"https:\/\/cvlogin.com\/info\/#\/schema\/person\/bf10e5a99dc8ed0982645be80c00cffb"},"headline":"Do\u011fru CV Foto\u011fraf\u0131 nas\u0131l olur?","datePublished":"2016-01-29T13:24:37+00:00","dateModified":"2022-06-16T18:21:30+00:00","mainEntityOfPage":{"@id":"https:\/\/cvlogin.com\/info\/tr\/dogru-cv-fotografi-nasil-olur\/"},"wordCount":647,"commentCount":0,"publisher":{"@id":"https:\/\/cvlogin.com\/info\/#organization"},"image":{"@id":"https:\/\/cvlogin.com\/info\/tr\/dogru-cv-fotografi-nasil-olur\/#primaryimage"},"thumbnailUrl":"https:\/\/cvlogin.com\/info\/wp-content\/uploads\/2016\/01\/cv_resim.jpg","articleSection":["CV"],"inLanguage":"tr","potentialAction":[{"@type":"CommentAction","name":"Comment","target":["https:\/\/cvlogin.com\/info\/tr\/dogru-cv-fotografi-nasil-olur\/#respond"]}]},{"@type":"WebPage","@id":"https:\/\/cvlogin.com\/info\/tr\/dogru-cv-fotografi-nasil-olur\/","url":"https:\/\/cvlogin.com\/info\/tr\/dogru-cv-fotografi-nasil-olur\/","name":"Do\u011fru CV Foto\u011fraf\u0131 nas\u0131l olur?","isPartOf":{"@id":"https:\/\/cvlogin.com\/info\/#website"},"primaryImageOfPage":{"@id":"https:\/\/cvlogin.com\/info\/tr\/dogru-cv-fotografi-nasil-olur\/#primaryimage"},"image":{"@id":"https:\/\/cvlogin.com\/info\/tr\/dogru-cv-fotografi-nasil-olur\/#primaryimage"},"thumbnailUrl":"https:\/\/cvlogin.com\/info\/wp-content\/uploads\/2016\/01\/cv_resim.jpg","datePublished":"2016-01-29T13:24:37+00:00","dateModified":"2022-06-16T18:21:30+00:00","description":"CV\u2019ler sizleri en iyi tan\u0131tan formlar olarak ifade edilebilir. \u00d6zge\u00e7mi\u015finizin ve \u00e7e\u015fitli tecr\u00fcbelerinizin i\u00e7inde yer ald\u0131\u011f\u0131 bu formda kendinizi daha iyi ifade edebilmek ad\u0131na foto\u011fraf kullanman\u0131z olduk\u00e7a yerinde bir karar olacakt\u0131r.","breadcrumb":{"@id":"https:\/\/cvlogin.com\/info\/tr\/dogru-cv-fotografi-nasil-olur\/#breadcrumb"},"inLanguage":"tr","potentialAction":[{"@type":"ReadAction","target":["https:\/\/cvlogin.com\/info\/tr\/dogru-cv-fotografi-nasil-olur\/"]}]},{"@type":"ImageObject","inLanguage":"tr","@id":"https:\/\/cvlogin.com\/info\/tr\/dogru-cv-fotografi-nasil-olur\/#primaryimage","url":"https:\/\/cvlogin.com\/info\/wp-content\/uploads\/2016\/01\/cv_resim.jpg","contentUrl":"https:\/\/cvlogin.com\/info\/wp-content\/uploads\/2016\/01\/cv_resim.jpg","width":1200,"height":675,"caption":"Foto: www.STARMAZING.de"},{"@type":"BreadcrumbList","@id":"https:\/\/cvlogin.com\/info\/tr\/dogru-cv-fotografi-nasil-olur\/#breadcrumb","itemListElement":[{"@type":"ListItem","position":1,"name":"Anasayfa","item":"https:\/\/cvlogin.com\/info\/"},{"@type":"ListItem","position":2,"name":"CV","item":"https:\/\/cvlogin.com\/info\/tr\/cv\/"},{"@type":"ListItem","position":3,"name":"Do\u011fru CV Foto\u011fraf\u0131 nas\u0131l olur?"}]},{"@type":"WebSite","@id":"https:\/\/cvlogin.com\/info\/#website","url":"https:\/\/cvlogin.com\/info\/","name":"CV Login Blog: Kariyer Rehberi","description":"CV haz\u0131rlama, i\u015f g\u00f6r\u00fc\u015fmesi ve daha fazlas\u0131 hakk\u0131nda bilgi edinmek i\u00e7in en iyi yer.","publisher":{"@id":"https:\/\/cvlogin.com\/info\/#organization"},"potentialAction":[{"@type":"SearchAction","target":{"@type":"EntryPoint","urlTemplate":"https:\/\/cvlogin.com\/info\/?s={search_term_string}"},"query-input":{"@type":"PropertyValueSpecification","valueRequired":true,"valueName":"search_term_string"}}],"inLanguage":"tr"},{"@type":"Organization","@id":"https:\/\/cvlogin.com\/info\/#organization","name":"cvlogin","alternateName":"cvlogin GmbH","url":"https:\/\/cvlogin.com\/info\/","logo":{"@type":"ImageObject","inLanguage":"tr","@id":"https:\/\/cvlogin.com\/info\/#\/schema\/logo\/image\/","url":"http:\/\/cvlogin.com\/info\/wp-content\/uploads\/2022\/07\/HFrdHEXl_400x400.jpg","contentUrl":"http:\/\/cvlogin.com\/info\/wp-content\/uploads\/2022\/07\/HFrdHEXl_400x400.jpg","width":240,"height":240,"caption":"cvlogin"},"image":{"@id":"https:\/\/cvlogin.com\/info\/#\/schema\/logo\/image\/"},"sameAs":["https:\/\/www.facebook.com\/cvlogin","https:\/\/x.com\/cvlogincom","https:\/\/www.instagram.com\/cvlogin\/"]},{"@type":"Person","@id":"https:\/\/cvlogin.com\/info\/#\/schema\/person\/bf10e5a99dc8ed0982645be80c00cffb","name":"Berna Ak","image":{"@type":"ImageObject","inLanguage":"tr","@id":"https:\/\/cvlogin.com\/info\/wp-content\/uploads\/2023\/06\/avatar-150x150.jpg","url":"https:\/\/cvlogin.com\/info\/wp-content\/uploads\/2023\/06\/avatar-150x150.jpg","contentUrl":"https:\/\/cvlogin.com\/info\/wp-content\/uploads\/2023\/06\/avatar-150x150.jpg","caption":"Berna Ak"},"url":"https:\/\/cvlogin.com\/info\/author\/admin\/"}]}},"_links":{"self":[{"href":"https:\/\/cvlogin.com\/info\/wp-json\/wp\/v2\/posts\/293","targetHints":{"allow":["GET"]}}],"collection":[{"href":"https:\/\/cvlogin.com\/info\/wp-json\/wp\/v2\/posts"}],"about":[{"href":"https:\/\/cvlogin.com\/info\/wp-json\/wp\/v2\/types\/post"}],"author":[{"embeddable":true,"href":"https:\/\/cvlogin.com\/info\/wp-json\/wp\/v2\/users\/1"}],"replies":[{"embeddable":true,"href":"https:\/\/cvlogin.com\/info\/wp-json\/wp\/v2\/comments?post=293"}],"version-history":[{"count":16,"href":"https:\/\/cvlogin.com\/info\/wp-json\/wp\/v2\/posts\/293\/revisions"}],"predecessor-version":[{"id":4500,"href":"https:\/\/cvlogin.com\/info\/wp-json\/wp\/v2\/posts\/293\/revisions\/4500"}],"wp:featuredmedia":[{"embeddable":true,"href":"https:\/\/cvlogin.com\/info\/wp-json\/wp\/v2\/media\/300"}],"wp:attachment":[{"href":"https:\/\/cvlogin.com\/info\/wp-json\/wp\/v2\/media?parent=293"}],"wp:term":[{"taxonomy":"category","embeddable":true,"href":"https:\/\/cvlogin.com\/info\/wp-json\/wp\/v2\/categories?post=293"},{"taxonomy":"post_tag","embeddable":true,"href":"https:\/\/cvlogin.com\/info\/wp-json\/wp\/v2\/tags?post=293"}],"curies":[{"name":"wp","href":"https:\/\/api.w.org\/{rel}","templated":true}]}}