{"id":1711,"date":"2017-08-04T16:16:40","date_gmt":"2017-08-04T13:16:40","guid":{"rendered":"https:\/\/cms.cvlogin.com\/info\/?p=1711"},"modified":"2017-08-04T16:16:40","modified_gmt":"2017-08-04T13:16:40","slug":"cvde-kullanilacak-fotograflar-icin-tuyolar","status":"publish","type":"post","link":"https:\/\/cvlogin.com\/info\/cvde-kullanilacak-fotograflar-icin-tuyolar\/","title":{"rendered":"CV&#8217;de Kullan\u0131lacak Foto\u011fraflar i\u00e7in T\u00fcyolar"},"content":{"rendered":"<p>\u0130\u015f aray\u0131\u015f\u0131nda ilk ad\u0131m profesyonelce haz\u0131rlanm\u0131\u015f bir \u00f6zge\u00e7mi\u015f haz\u0131rlamakt\u0131r. CV\u2019niz do\u011fru ve etkili haz\u0131rlanmal\u0131d\u0131r. CV haz\u0131rlarken \u00f6n yaz\u0131 ile kendinizi kan\u0131tlamay\u0131, do\u011fru bilgiler ile g\u00fcven vermeyi, yetenekleriniz ve deneyimleriniz ile i\u015fi almay\u0131 hedeflemelisiniz. Dikkat edilmesi gereken t\u00fcm bu detaylar aras\u0131nda \u00f6nemli bir noktada CV resminizdir.<\/p>\n<p>Haz\u0131rlayaca\u011f\u0131n\u0131z profesyonel bir CV\u2019 de olmazsa olmazlardan biri de foto\u011fraft\u0131r. Resimsiz CV\u2019ler \u00e7o\u011funlukla de\u011ferlendirilmeyecektir. Bu y\u00fczden tam anlam\u0131yla bir profesyonel CV haz\u0131rlamak istiyorsan\u0131z foto\u011fraf\u0131n\u0131z\u0131 eklemeyi unutmay\u0131n.<\/p>\n<h2>CV&#8217;ye Nas\u0131l Bir Foto\u011fraf Eklenmelidir?<\/h2>\n<p>Nas\u0131l ki i\u015f m\u00fclakat\u0131nda ilk izlenim \u00e7ok \u00f6nemlidir, CV i\u00e7inde foto\u011fraf sizin ilk izleniminizdir. Hen\u00fcz kap\u0131dan i\u00e7eri girer girmez konu\u015fmadan \u00f6nce g\u00f6r\u00fcn\u00fc\u015f\u00fcn\u00fczle de\u011ferlendiriliyorsan\u0131z ve bu y\u00fczden giyiminize ve ki\u015fisel bak\u0131m\u0131n\u0131za \u00f6zen g\u00f6stererek i\u015f g\u00f6r\u00fc\u015fmesine gidiyorsan\u0131z, CV haz\u0131rlarken de en \u00f6zenli foto\u011fraf\u0131n\u0131z\u0131 CV\u2019 ye eklemelisiniz. Ekleyece\u011finiz foto\u011frafta k\u0131yafetleriniz i\u015f adab\u0131na uygun olmal\u0131. Erkekler tak\u0131m elbise kravatl\u0131 foto\u011fraflar\u0131n\u0131 eklemeli, ki\u015fisel bak\u0131m\u0131 tam olmal\u0131, sa\u00e7, sakal kesilmi\u015f olmal\u0131. Kad\u0131nlarda ayn\u0131 \u015fekilde ki\u015fisel bak\u0131m\u0131 tam, \u00f6zenli bir k\u0131yafetle \u00e7ekilmi\u015f bir foto\u011fraf eklemeli.<\/p>\n<p><img fetchpriority=\"high\" decoding=\"async\" class=\"alignnone size-full wp-image-1712\" src=\"https:\/\/cms.cvlogin.com\/info\/wp-content\/uploads\/2017\/08\/CV-Foto\u011fraf-2.jpg\" alt=\"\" width=\"1920\" height=\"1023\" srcset=\"https:\/\/cvlogin.com\/info\/wp-content\/uploads\/2017\/08\/CV-Foto\u011fraf-2.jpg 1920w, https:\/\/cvlogin.com\/info\/wp-content\/uploads\/2017\/08\/CV-Foto\u011fraf-2-300x160.jpg 300w, https:\/\/cvlogin.com\/info\/wp-content\/uploads\/2017\/08\/CV-Foto\u011fraf-2-768x409.jpg 768w, https:\/\/cvlogin.com\/info\/wp-content\/uploads\/2017\/08\/CV-Foto\u011fraf-2-1024x546.jpg 1024w\" sizes=\"(max-width: 1920px) 100vw, 1920px\" \/><\/p>\n<p>CV\u2019nizde kullanaca\u011f\u0131n\u0131z foto\u011fraf \u00f6l\u00e7\u00fcleri kesinlikle vesikal\u0131k olmal\u0131. Boydan \u00e7ekilmi\u015f ve s\u0131radan bir foto\u011fraf\u0131 CV\u2019 de kullanamazs\u0131n\u0131z. Vesikal\u0131k foto\u011fraf\u0131n\u0131zda arka fonda \u00e7ok \u00f6nemlidir. Manzara resimlerinin oldu\u011fu arka fonda bir vesikal\u0131k foto\u011fraf CV i\u00e7in hi\u00e7 de uygun de\u011fildir. Siyah arka fon kullan\u0131lm\u0131\u015f bir resimde uygun olmayacakt\u0131r, sizi karamsar yans\u0131tabilir kar\u015f\u0131 tarafa. Bu sebepten i\u015f ba\u015fvurusuna uygun bir arka fon rengi se\u00e7melisiniz. Y\u00fcz ifadenizde \u00e7ok \u00f6nemlidir. Ne \u00e7ok s\u0131r\u0131tmal\u0131 neden somurtmal\u0131s\u0131n\u0131z. Orta halde bir g\u00fcl\u00fcmseme yeterli olur. Vesikal\u0131k foto\u011fraf\u0131n\u0131zda abart\u0131l\u0131 pozlar da vermeyin. Kafan\u0131z\u0131 hafif sa\u011fa y\u00e2da sola \u00e7evirip hafif i\u00e7ten bir g\u00fcl\u00fcmseme ile \u00e7ektirdi\u011finiz bir vesikal\u0131k boyutunda foto\u011fraf CV\u2019niz i\u00e7in yeterli olacakt\u0131r.\u00a0<a href=\"https:\/\/cms.cvlogin.com\/info\/cv-hazirlarken-resim-gerekli-mi\/\">CV haz\u0131rlarken resim gerekli mi?<\/a> yaz\u0131m\u0131za da g\u00f6z atarak detayl\u0131 bilgi sahibi olabilirsiniz.<\/p>\n","protected":false},"excerpt":{"rendered":"<p>\u0130\u015f aray\u0131\u015f\u0131nda ilk ad\u0131m profesyonelce haz\u0131rlanm\u0131\u015f bir \u00f6zge\u00e7mi\u015f haz\u0131rlamakt\u0131r. CV\u2019niz do\u011fru ve etkili haz\u0131rlanmal\u0131d\u0131r. CV&hellip;<\/p>\n","protected":false},"author":8,"featured_media":1712,"comment_status":"open","ping_status":"open","sticky":false,"template":"","format":"standard","meta":{"_acf_changed":false,"_lmt_disableupdate":"","_lmt_disable":"","footnotes":""},"categories":[4],"tags":[348,463,464],"class_list":["post-1711","post","type-post","status-publish","format-standard","has-post-thumbnail","hentry","category-cv","tag-cv","tag-cv-fotograflari","tag-cv-fotograflari-nasil-olmalidir"],"acf":[],"yoast_head":"<!-- This site is optimized with the Yoast SEO Premium plugin v21.4 (Yoast SEO v27.5) - https:\/\/yoast.com\/product\/yoast-seo-premium-wordpress\/ -->\n<title>CV&#039;de Kullan\u0131lacak Foto\u011fraflar i\u00e7in T\u00fcyolar<\/title>\n<meta name=\"robots\" content=\"index, follow, max-snippet:-1, max-image-preview:large, max-video-preview:-1\" \/>\n<link rel=\"canonical\" href=\"https:\/\/cvlogin.com\/info\/cvde-kullanilacak-fotograflar-icin-tuyolar\/\" \/>\n<meta property=\"og:locale\" content=\"tr_TR\" \/>\n<meta property=\"og:type\" content=\"article\" \/>\n<meta property=\"og:title\" content=\"CV&#039;de Kullan\u0131lacak Foto\u011fraflar i\u00e7in T\u00fcyolar\" \/>\n<meta property=\"og:description\" content=\"\u0130\u015f aray\u0131\u015f\u0131nda ilk ad\u0131m profesyonelce haz\u0131rlanm\u0131\u015f bir \u00f6zge\u00e7mi\u015f haz\u0131rlamakt\u0131r. CV\u2019niz do\u011fru ve etkili haz\u0131rlanmal\u0131d\u0131r. CV&hellip;\" \/>\n<meta property=\"og:url\" content=\"https:\/\/cvlogin.com\/info\/cvde-kullanilacak-fotograflar-icin-tuyolar\/\" \/>\n<meta property=\"og:site_name\" content=\"CV Login Blog: Kariyer Rehberi\" \/>\n<meta property=\"article:publisher\" content=\"https:\/\/www.facebook.com\/cvlogin\" \/>\n<meta property=\"article:published_time\" content=\"2017-08-04T13:16:40+00:00\" \/>\n<meta property=\"og:image\" content=\"https:\/\/cvlogin.com\/info\/wp-content\/uploads\/2017\/08\/CV-Foto\u011fraf-2.jpg\" \/>\n\t<meta property=\"og:image:width\" content=\"1920\" \/>\n\t<meta property=\"og:image:height\" content=\"1023\" \/>\n\t<meta property=\"og:image:type\" content=\"image\/jpeg\" \/>\n<meta name=\"author\" content=\"Hakan Aykol\" \/>\n<meta name=\"twitter:card\" content=\"summary_large_image\" \/>\n<meta name=\"twitter:creator\" content=\"@cvlogincom\" \/>\n<meta name=\"twitter:site\" content=\"@cvlogincom\" \/>\n<meta name=\"twitter:label1\" content=\"Yazan:\" \/>\n\t<meta name=\"twitter:data1\" content=\"Hakan Aykol\" \/>\n\t<meta name=\"twitter:label2\" content=\"Tahmini okuma s\u00fcresi\" \/>\n\t<meta name=\"twitter:data2\" content=\"2 dakika\" \/>\n<script type=\"application\/ld+json\" class=\"yoast-schema-graph\">{\"@context\":\"https:\\\/\\\/schema.org\",\"@graph\":[{\"@type\":\"Article\",\"@id\":\"https:\\\/\\\/cvlogin.com\\\/info\\\/cvde-kullanilacak-fotograflar-icin-tuyolar\\\/#article\",\"isPartOf\":{\"@id\":\"https:\\\/\\\/cvlogin.com\\\/info\\\/cvde-kullanilacak-fotograflar-icin-tuyolar\\\/\"},\"author\":{\"name\":\"Hakan Aykol\",\"@id\":\"https:\\\/\\\/cvlogin.com\\\/info\\\/#\\\/schema\\\/person\\\/a4301282dc96f6b5e56935e9c2962d37\"},\"headline\":\"CV&#8217;de Kullan\u0131lacak Foto\u011fraflar i\u00e7in T\u00fcyolar\",\"datePublished\":\"2017-08-04T13:16:40+00:00\",\"mainEntityOfPage\":{\"@id\":\"https:\\\/\\\/cvlogin.com\\\/info\\\/cvde-kullanilacak-fotograflar-icin-tuyolar\\\/\"},\"wordCount\":406,\"commentCount\":0,\"publisher\":{\"@id\":\"https:\\\/\\\/cvlogin.com\\\/info\\\/#organization\"},\"image\":{\"@id\":\"https:\\\/\\\/cvlogin.com\\\/info\\\/cvde-kullanilacak-fotograflar-icin-tuyolar\\\/#primaryimage\"},\"thumbnailUrl\":\"https:\\\/\\\/cvlogin.com\\\/info\\\/wp-content\\\/uploads\\\/2017\\\/08\\\/CV-Foto\u011fraf-2.jpg\",\"keywords\":[\"CV\",\"CV Foto\u011fraflar\u0131\",\"CV Foto\u011fraflar\u0131 Nas\u0131l Olmal\u0131d\u0131r\"],\"articleSection\":[\"CV\"],\"inLanguage\":\"tr\",\"potentialAction\":[{\"@type\":\"CommentAction\",\"name\":\"Comment\",\"target\":[\"https:\\\/\\\/cvlogin.com\\\/info\\\/cvde-kullanilacak-fotograflar-icin-tuyolar\\\/#respond\"]}]},{\"@type\":\"WebPage\",\"@id\":\"https:\\\/\\\/cvlogin.com\\\/info\\\/cvde-kullanilacak-fotograflar-icin-tuyolar\\\/\",\"url\":\"https:\\\/\\\/cvlogin.com\\\/info\\\/cvde-kullanilacak-fotograflar-icin-tuyolar\\\/\",\"name\":\"CV'de Kullan\u0131lacak Foto\u011fraflar i\u00e7in T\u00fcyolar\",\"isPartOf\":{\"@id\":\"https:\\\/\\\/cvlogin.com\\\/info\\\/#website\"},\"primaryImageOfPage\":{\"@id\":\"https:\\\/\\\/cvlogin.com\\\/info\\\/cvde-kullanilacak-fotograflar-icin-tuyolar\\\/#primaryimage\"},\"image\":{\"@id\":\"https:\\\/\\\/cvlogin.com\\\/info\\\/cvde-kullanilacak-fotograflar-icin-tuyolar\\\/#primaryimage\"},\"thumbnailUrl\":\"https:\\\/\\\/cvlogin.com\\\/info\\\/wp-content\\\/uploads\\\/2017\\\/08\\\/CV-Foto\u011fraf-2.jpg\",\"datePublished\":\"2017-08-04T13:16:40+00:00\",\"breadcrumb\":{\"@id\":\"https:\\\/\\\/cvlogin.com\\\/info\\\/cvde-kullanilacak-fotograflar-icin-tuyolar\\\/#breadcrumb\"},\"inLanguage\":\"tr\",\"potentialAction\":[{\"@type\":\"ReadAction\",\"target\":[\"https:\\\/\\\/cvlogin.com\\\/info\\\/cvde-kullanilacak-fotograflar-icin-tuyolar\\\/\"]}]},{\"@type\":\"ImageObject\",\"inLanguage\":\"tr\",\"@id\":\"https:\\\/\\\/cvlogin.com\\\/info\\\/cvde-kullanilacak-fotograflar-icin-tuyolar\\\/#primaryimage\",\"url\":\"https:\\\/\\\/cvlogin.com\\\/info\\\/wp-content\\\/uploads\\\/2017\\\/08\\\/CV-Foto\u011fraf-2.jpg\",\"contentUrl\":\"https:\\\/\\\/cvlogin.com\\\/info\\\/wp-content\\\/uploads\\\/2017\\\/08\\\/CV-Foto\u011fraf-2.jpg\",\"width\":1920,\"height\":1023},{\"@type\":\"BreadcrumbList\",\"@id\":\"https:\\\/\\\/cvlogin.com\\\/info\\\/cvde-kullanilacak-fotograflar-icin-tuyolar\\\/#breadcrumb\",\"itemListElement\":[{\"@type\":\"ListItem\",\"position\":1,\"name\":\"Anasayfa\",\"item\":\"https:\\\/\\\/cvlogin.com\\\/info\\\/\"},{\"@type\":\"ListItem\",\"position\":2,\"name\":\"CV\",\"item\":\"https:\\\/\\\/cvlogin.com\\\/info\\\/tr\\\/cv\\\/\"},{\"@type\":\"ListItem\",\"position\":3,\"name\":\"CV&#8217;de Kullan\u0131lacak Foto\u011fraflar i\u00e7in T\u00fcyolar\"}]},{\"@type\":\"WebSite\",\"@id\":\"https:\\\/\\\/cvlogin.com\\\/info\\\/#website\",\"url\":\"https:\\\/\\\/cvlogin.com\\\/info\\\/\",\"name\":\"CV Login Blog: Kariyer Rehberi\",\"description\":\"CV haz\u0131rlama, i\u015f g\u00f6r\u00fc\u015fmesi ve daha fazlas\u0131 hakk\u0131nda bilgi edinmek i\u00e7in en iyi yer.\",\"publisher\":{\"@id\":\"https:\\\/\\\/cvlogin.com\\\/info\\\/#organization\"},\"potentialAction\":[{\"@type\":\"SearchAction\",\"target\":{\"@type\":\"EntryPoint\",\"urlTemplate\":\"https:\\\/\\\/cvlogin.com\\\/info\\\/?s={search_term_string}\"},\"query-input\":{\"@type\":\"PropertyValueSpecification\",\"valueRequired\":true,\"valueName\":\"search_term_string\"}}],\"inLanguage\":\"tr\"},{\"@type\":\"Organization\",\"@id\":\"https:\\\/\\\/cvlogin.com\\\/info\\\/#organization\",\"name\":\"cvlogin\",\"alternateName\":\"cvlogin GmbH\",\"url\":\"https:\\\/\\\/cvlogin.com\\\/info\\\/\",\"logo\":{\"@type\":\"ImageObject\",\"inLanguage\":\"tr\",\"@id\":\"https:\\\/\\\/cvlogin.com\\\/info\\\/#\\\/schema\\\/logo\\\/image\\\/\",\"url\":\"http:\\\/\\\/cvlogin.com\\\/info\\\/wp-content\\\/uploads\\\/2022\\\/07\\\/HFrdHEXl_400x400.jpg\",\"contentUrl\":\"http:\\\/\\\/cvlogin.com\\\/info\\\/wp-content\\\/uploads\\\/2022\\\/07\\\/HFrdHEXl_400x400.jpg\",\"width\":240,\"height\":240,\"caption\":\"cvlogin\"},\"image\":{\"@id\":\"https:\\\/\\\/cvlogin.com\\\/info\\\/#\\\/schema\\\/logo\\\/image\\\/\"},\"sameAs\":[\"https:\\\/\\\/www.facebook.com\\\/cvlogin\",\"https:\\\/\\\/x.com\\\/cvlogincom\",\"https:\\\/\\\/www.instagram.com\\\/cvlogin\\\/\"]},{\"@type\":\"Person\",\"@id\":\"https:\\\/\\\/cvlogin.com\\\/info\\\/#\\\/schema\\\/person\\\/a4301282dc96f6b5e56935e9c2962d37\",\"name\":\"Hakan Aykol\",\"image\":{\"@type\":\"ImageObject\",\"inLanguage\":\"tr\",\"@id\":\"https:\\\/\\\/cvlogin.com\\\/info\\\/wp-content\\\/uploads\\\/2023\\\/06\\\/avatar-150x150.jpg\",\"url\":\"https:\\\/\\\/cvlogin.com\\\/info\\\/wp-content\\\/uploads\\\/2023\\\/06\\\/avatar-150x150.jpg\",\"contentUrl\":\"https:\\\/\\\/cvlogin.com\\\/info\\\/wp-content\\\/uploads\\\/2023\\\/06\\\/avatar-150x150.jpg\",\"caption\":\"Hakan Aykol\"},\"url\":\"https:\\\/\\\/cvlogin.com\\\/info\\\/author\\\/makalemix\\\/\"}]}<\/script>\n<!-- \/ Yoast SEO Premium plugin. -->","yoast_head_json":{"title":"CV'de Kullan\u0131lacak Foto\u011fraflar i\u00e7in T\u00fcyolar","robots":{"index":"index","follow":"follow","max-snippet":"max-snippet:-1","max-image-preview":"max-image-preview:large","max-video-preview":"max-video-preview:-1"},"canonical":"https:\/\/cvlogin.com\/info\/cvde-kullanilacak-fotograflar-icin-tuyolar\/","og_locale":"tr_TR","og_type":"article","og_title":"CV'de Kullan\u0131lacak Foto\u011fraflar i\u00e7in T\u00fcyolar","og_description":"\u0130\u015f aray\u0131\u015f\u0131nda ilk ad\u0131m profesyonelce haz\u0131rlanm\u0131\u015f bir \u00f6zge\u00e7mi\u015f haz\u0131rlamakt\u0131r. CV\u2019niz do\u011fru ve etkili haz\u0131rlanmal\u0131d\u0131r. CV&hellip;","og_url":"https:\/\/cvlogin.com\/info\/cvde-kullanilacak-fotograflar-icin-tuyolar\/","og_site_name":"CV Login Blog: Kariyer Rehberi","article_publisher":"https:\/\/www.facebook.com\/cvlogin","article_published_time":"2017-08-04T13:16:40+00:00","og_image":[{"width":1920,"height":1023,"url":"https:\/\/cvlogin.com\/info\/wp-content\/uploads\/2017\/08\/CV-Foto\u011fraf-2.jpg","type":"image\/jpeg"}],"author":"Hakan Aykol","twitter_card":"summary_large_image","twitter_creator":"@cvlogincom","twitter_site":"@cvlogincom","twitter_misc":{"Yazan:":"Hakan Aykol","Tahmini okuma s\u00fcresi":"2 dakika"},"schema":{"@context":"https:\/\/schema.org","@graph":[{"@type":"Article","@id":"https:\/\/cvlogin.com\/info\/cvde-kullanilacak-fotograflar-icin-tuyolar\/#article","isPartOf":{"@id":"https:\/\/cvlogin.com\/info\/cvde-kullanilacak-fotograflar-icin-tuyolar\/"},"author":{"name":"Hakan Aykol","@id":"https:\/\/cvlogin.com\/info\/#\/schema\/person\/a4301282dc96f6b5e56935e9c2962d37"},"headline":"CV&#8217;de Kullan\u0131lacak Foto\u011fraflar i\u00e7in T\u00fcyolar","datePublished":"2017-08-04T13:16:40+00:00","mainEntityOfPage":{"@id":"https:\/\/cvlogin.com\/info\/cvde-kullanilacak-fotograflar-icin-tuyolar\/"},"wordCount":406,"commentCount":0,"publisher":{"@id":"https:\/\/cvlogin.com\/info\/#organization"},"image":{"@id":"https:\/\/cvlogin.com\/info\/cvde-kullanilacak-fotograflar-icin-tuyolar\/#primaryimage"},"thumbnailUrl":"https:\/\/cvlogin.com\/info\/wp-content\/uploads\/2017\/08\/CV-Foto\u011fraf-2.jpg","keywords":["CV","CV Foto\u011fraflar\u0131","CV Foto\u011fraflar\u0131 Nas\u0131l Olmal\u0131d\u0131r"],"articleSection":["CV"],"inLanguage":"tr","potentialAction":[{"@type":"CommentAction","name":"Comment","target":["https:\/\/cvlogin.com\/info\/cvde-kullanilacak-fotograflar-icin-tuyolar\/#respond"]}]},{"@type":"WebPage","@id":"https:\/\/cvlogin.com\/info\/cvde-kullanilacak-fotograflar-icin-tuyolar\/","url":"https:\/\/cvlogin.com\/info\/cvde-kullanilacak-fotograflar-icin-tuyolar\/","name":"CV'de Kullan\u0131lacak Foto\u011fraflar i\u00e7in T\u00fcyolar","isPartOf":{"@id":"https:\/\/cvlogin.com\/info\/#website"},"primaryImageOfPage":{"@id":"https:\/\/cvlogin.com\/info\/cvde-kullanilacak-fotograflar-icin-tuyolar\/#primaryimage"},"image":{"@id":"https:\/\/cvlogin.com\/info\/cvde-kullanilacak-fotograflar-icin-tuyolar\/#primaryimage"},"thumbnailUrl":"https:\/\/cvlogin.com\/info\/wp-content\/uploads\/2017\/08\/CV-Foto\u011fraf-2.jpg","datePublished":"2017-08-04T13:16:40+00:00","breadcrumb":{"@id":"https:\/\/cvlogin.com\/info\/cvde-kullanilacak-fotograflar-icin-tuyolar\/#breadcrumb"},"inLanguage":"tr","potentialAction":[{"@type":"ReadAction","target":["https:\/\/cvlogin.com\/info\/cvde-kullanilacak-fotograflar-icin-tuyolar\/"]}]},{"@type":"ImageObject","inLanguage":"tr","@id":"https:\/\/cvlogin.com\/info\/cvde-kullanilacak-fotograflar-icin-tuyolar\/#primaryimage","url":"https:\/\/cvlogin.com\/info\/wp-content\/uploads\/2017\/08\/CV-Foto\u011fraf-2.jpg","contentUrl":"https:\/\/cvlogin.com\/info\/wp-content\/uploads\/2017\/08\/CV-Foto\u011fraf-2.jpg","width":1920,"height":1023},{"@type":"BreadcrumbList","@id":"https:\/\/cvlogin.com\/info\/cvde-kullanilacak-fotograflar-icin-tuyolar\/#breadcrumb","itemListElement":[{"@type":"ListItem","position":1,"name":"Anasayfa","item":"https:\/\/cvlogin.com\/info\/"},{"@type":"ListItem","position":2,"name":"CV","item":"https:\/\/cvlogin.com\/info\/tr\/cv\/"},{"@type":"ListItem","position":3,"name":"CV&#8217;de Kullan\u0131lacak Foto\u011fraflar i\u00e7in T\u00fcyolar"}]},{"@type":"WebSite","@id":"https:\/\/cvlogin.com\/info\/#website","url":"https:\/\/cvlogin.com\/info\/","name":"CV Login Blog: Kariyer Rehberi","description":"CV haz\u0131rlama, i\u015f g\u00f6r\u00fc\u015fmesi ve daha fazlas\u0131 hakk\u0131nda bilgi edinmek i\u00e7in en iyi yer.","publisher":{"@id":"https:\/\/cvlogin.com\/info\/#organization"},"potentialAction":[{"@type":"SearchAction","target":{"@type":"EntryPoint","urlTemplate":"https:\/\/cvlogin.com\/info\/?s={search_term_string}"},"query-input":{"@type":"PropertyValueSpecification","valueRequired":true,"valueName":"search_term_string"}}],"inLanguage":"tr"},{"@type":"Organization","@id":"https:\/\/cvlogin.com\/info\/#organization","name":"cvlogin","alternateName":"cvlogin GmbH","url":"https:\/\/cvlogin.com\/info\/","logo":{"@type":"ImageObject","inLanguage":"tr","@id":"https:\/\/cvlogin.com\/info\/#\/schema\/logo\/image\/","url":"http:\/\/cvlogin.com\/info\/wp-content\/uploads\/2022\/07\/HFrdHEXl_400x400.jpg","contentUrl":"http:\/\/cvlogin.com\/info\/wp-content\/uploads\/2022\/07\/HFrdHEXl_400x400.jpg","width":240,"height":240,"caption":"cvlogin"},"image":{"@id":"https:\/\/cvlogin.com\/info\/#\/schema\/logo\/image\/"},"sameAs":["https:\/\/www.facebook.com\/cvlogin","https:\/\/x.com\/cvlogincom","https:\/\/www.instagram.com\/cvlogin\/"]},{"@type":"Person","@id":"https:\/\/cvlogin.com\/info\/#\/schema\/person\/a4301282dc96f6b5e56935e9c2962d37","name":"Hakan Aykol","image":{"@type":"ImageObject","inLanguage":"tr","@id":"https:\/\/cvlogin.com\/info\/wp-content\/uploads\/2023\/06\/avatar-150x150.jpg","url":"https:\/\/cvlogin.com\/info\/wp-content\/uploads\/2023\/06\/avatar-150x150.jpg","contentUrl":"https:\/\/cvlogin.com\/info\/wp-content\/uploads\/2023\/06\/avatar-150x150.jpg","caption":"Hakan Aykol"},"url":"https:\/\/cvlogin.com\/info\/author\/makalemix\/"}]}},"_links":{"self":[{"href":"https:\/\/cvlogin.com\/info\/wp-json\/wp\/v2\/posts\/1711","targetHints":{"allow":["GET"]}}],"collection":[{"href":"https:\/\/cvlogin.com\/info\/wp-json\/wp\/v2\/posts"}],"about":[{"href":"https:\/\/cvlogin.com\/info\/wp-json\/wp\/v2\/types\/post"}],"author":[{"embeddable":true,"href":"https:\/\/cvlogin.com\/info\/wp-json\/wp\/v2\/users\/8"}],"replies":[{"embeddable":true,"href":"https:\/\/cvlogin.com\/info\/wp-json\/wp\/v2\/comments?post=1711"}],"version-history":[{"count":1,"href":"https:\/\/cvlogin.com\/info\/wp-json\/wp\/v2\/posts\/1711\/revisions"}],"predecessor-version":[{"id":1713,"href":"https:\/\/cvlogin.com\/info\/wp-json\/wp\/v2\/posts\/1711\/revisions\/1713"}],"wp:featuredmedia":[{"embeddable":true,"href":"https:\/\/cvlogin.com\/info\/wp-json\/wp\/v2\/media\/1712"}],"wp:attachment":[{"href":"https:\/\/cvlogin.com\/info\/wp-json\/wp\/v2\/media?parent=1711"}],"wp:term":[{"taxonomy":"category","embeddable":true,"href":"https:\/\/cvlogin.com\/info\/wp-json\/wp\/v2\/categories?post=1711"},{"taxonomy":"post_tag","embeddable":true,"href":"https:\/\/cvlogin.com\/info\/wp-json\/wp\/v2\/tags?post=1711"}],"curies":[{"name":"wp","href":"https:\/\/api.w.org\/{rel}","templated":true}]}}